{"id":1463,"date":"2021-01-08T12:02:51","date_gmt":"2021-01-08T11:02:51","guid":{"rendered":"http:\/\/capalgerie.dz\/?p=1463"},"modified":"2021-01-08T13:55:51","modified_gmt":"2021-01-08T12:55:51","slug":"mohamed-baghali-nouveau-directeur-general-de-la-radio-nationale","status":"publish","type":"post","link":"https:\/\/capalgerie.dz\/index.php\/2021\/01\/08\/mohamed-baghali-nouveau-directeur-general-de-la-radio-nationale\/","title":{"rendered":"Mohamed Baghali nouveau Directeur g\u00e9n\u00e9ral de la radio nationale"},"content":{"rendered":"<p>Le journaliste Mohamed Baghali est le nouveau Directeur g\u00e9n\u00e9ral (DG) de la radio alg\u00e9rienne.  Il a \u00e9t\u00e9 install\u00e9  dans ses nouvelles fonctions, ce jeudi, en remplacement de Djamel Senhadri, au niveau du minist\u00e8re de la Communication. La c\u00e9r\u00e9monie d\u2019installation a \u00e9t\u00e9 pr\u00e9sid\u00e9e par le ministre de la Communication, Porte-parole du Gouvernement, Ammar Belhimer, en pr\u00e9sence du Secr\u00e9taire g\u00e9n\u00e9ral du minist\u00e8re et des directeurs g\u00e9n\u00e9raux des m\u00e9dias publics. Dans une br\u00e8ve allocution, M. Belhimer a affirm\u00e9 que M. Baghali \u00abjouissait de la confiance\u00bb du pr\u00e9sident de la R\u00e9publique, Abdelmadjid Tebboune, en le d\u00e9signant \u00e0 la t\u00eate de la radio nationale, mettant en avant, \u00e0 cette occasion, \u00abla longue exp\u00e9rience\u00bb de M. Baghali dans le secteur de l\u2019information. Selon le ministre, M. Senhadri \u00abpoursuivra son parcours\u00bb \u00e0 la radio alg\u00e9rienne avec le nouveau directeur g\u00e9n\u00e9ral. Pour sa part, M. Baghali a adress\u00e9 ses remerciements au pr\u00e9sident de la R\u00e9publique pour \u00abla confiance dont il a \u00e9t\u00e9 investie\u00bb affirmant qu\u2019\u00abil ne m\u00e9nagera aucun effort pour \u00eatre \u00e0 la hauteur de cette confiance\u00bb. Mohamed Baghali est dipl\u00f4m\u00e9 en psychologie \u00e0 l\u2019universit\u00e9 d\u2019Alger session 1994 et a commenc\u00e9 sa carri\u00e8re dans le secteur de l\u2019information en tant que journaliste \u00e0 la radio de l\u2019Universit\u00e9 de la formation continue (UFC), en 1995, avant d\u2019occuper le poste de Chef de r\u00e9daction de plusieurs journaux dont \u00abEl Bilad\u00bb, \u00abEl Djarida\u00bb et \u00abEl Khabar\u00bb.<\/p>\n","protected":false},"excerpt":{"rendered":"<p>Le journaliste Mohamed Baghali est le nouveau Directeur g\u00e9n\u00e9ral (DG) de la radio alg\u00e9rienne. Il a \u00e9t\u00e9 install\u00e9 dans ses nouvelles fonctions, ce jeudi, en <a href=\"https:\/\/capalgerie.dz\/index.php\/2021\/01\/08\/mohamed-baghali-nouveau-directeur-general-de-la-radio-nationale\/\" class=\"read-more-link\">Lire&#8230;<\/a><\/p>\n","protected":false},"author":4,"featured_media":1464,"comment_status":"open","ping_status":"open","sticky":false,"template":"","format":"standard","meta":{"_crdt_document":"","om_disable_all_campaigns":false,"_monsterinsights_skip_tracking":false,"_monsterinsights_sitenote_active":false,"_monsterinsights_sitenote_note":"","_monsterinsights_sitenote_category":0,"_uf_show_specific_survey":0,"_uf_disable_surveys":false,"episode_type":"","audio_file":"","podmotor_file_id":"","podmotor_episode_id":"","cover_image":"","cover_image_id":"","duration":"","filesize":"","filesize_raw":"","date_recorded":"","explicit":"","block":"","itunes_episode_number":"","itunes_title":"","itunes_season_number":"","itunes_episode_type":"","footnotes":""},"categories":[198],"tags":[],"class_list":["post-1463","post","type-post","status-publish","format-standard","has-post-thumbnail","hentry","category-actualite"],"aioseo_notices":[],"_links":{"self":[{"href":"https:\/\/capalgerie.dz\/index.php\/wp-json\/wp\/v2\/posts\/1463","targetHints":{"allow":["GET"]}}],"collection":[{"href":"https:\/\/capalgerie.dz\/index.php\/wp-json\/wp\/v2\/posts"}],"about":[{"href":"https:\/\/capalgerie.dz\/index.php\/wp-json\/wp\/v2\/types\/post"}],"author":[{"embeddable":true,"href":"https:\/\/capalgerie.dz\/index.php\/wp-json\/wp\/v2\/users\/4"}],"replies":[{"embeddable":true,"href":"https:\/\/capalgerie.dz\/index.php\/wp-json\/wp\/v2\/comments?post=1463"}],"version-history":[{"count":2,"href":"https:\/\/capalgerie.dz\/index.php\/wp-json\/wp\/v2\/posts\/1463\/revisions"}],"predecessor-version":[{"id":1470,"href":"https:\/\/capalgerie.dz\/index.php\/wp-json\/wp\/v2\/posts\/1463\/revisions\/1470"}],"wp:featuredmedia":[{"embeddable":true,"href":"https:\/\/capalgerie.dz\/index.php\/wp-json\/wp\/v2\/media\/1464"}],"wp:attachment":[{"href":"https:\/\/capalgerie.dz\/index.php\/wp-json\/wp\/v2\/media?parent=1463"}],"wp:term":[{"taxonomy":"category","embeddable":true,"href":"https:\/\/capalgerie.dz\/index.php\/wp-json\/wp\/v2\/categories?post=1463"},{"taxonomy":"post_tag","embeddable":true,"href":"https:\/\/capalgerie.dz\/index.php\/wp-json\/wp\/v2\/tags?post=1463"}],"curies":[{"name":"wp","href":"https:\/\/api.w.org\/{rel}","templated":true}]}}