{"id":1656,"date":"2021-03-30T15:38:07","date_gmt":"2021-03-30T14:38:07","guid":{"rendered":"https:\/\/capalgerie.dz\/?p=1656"},"modified":"2021-03-30T15:38:07","modified_gmt":"2021-03-30T14:38:07","slug":"marches-et-rassemblements-en-palestine","status":"publish","type":"post","link":"https:\/\/capalgerie.dz\/index.php\/2021\/03\/30\/marches-et-rassemblements-en-palestine\/","title":{"rendered":"Marches et rassemblements en Palestine"},"content":{"rendered":"<p>Les Palestiniens comm\u00e9morent, aujourd\u2019hui, le 45e anniversaire de la \u00ab\u00a0Journ\u00e9e de la terre\u00a0\u00bb par des rassemblements et des marches dans plusieurs villes o\u00f9 la police de l&rsquo;occupation avait tir\u00e9 et tu\u00e9 six palestiniens, et bless\u00e9 de nombreux d&rsquo;autres qui avaient protest\u00e9 contre la saisie des milliers de dunums de leurs terres, selon l&rsquo;agence palestinienne de presse, WAFA.<\/p>\n<p>Les principaux \u00e9v\u00e9nements on eut lieu dans l&rsquo;apr\u00e8s-midi, au niveau des villes de Sakhnin, Al Rabeh, Deir Hanna, Kafr Kanna et Taybeh, toutes dans le nord des territoires de 1948.<\/p>\n<p>Les participants \u00e0 ces rassemblements se recueilleront aussi sur les tombes de leurs enfants et proches tu\u00e9s par la police d&rsquo;occupation, avant un rassemblement pr\u00e9vu dans la ville d&rsquo;Arrabeh.<\/p>\n<p>A la veille de la comm\u00e9moration du 45\u00e8me anniversaire de la Journ\u00e9e de la terre, l&rsquo;entit\u00e9 sioniste poursuit sa politique expansionniste. Les forces d\u2019occupation isra\u00e9liennes ont arr\u00eat\u00e9 la nuit derni\u00e8re 10 palestiniens, de plusieurs r\u00e9gions en Cisjordanie occup\u00e9e, selon une source locale, cit\u00e9e par WAFA.<\/p>\n<p>Deux autres ont \u00e9t\u00e9 arr\u00eat\u00e9s dans le gouvernorat de Ramallah, au centre de la Cisjordanie occup\u00e9e, un \u00e0 la ville d\u2019Al Khalil, trois \u00e0 J\u00e9nin, et un autre \u00e0 la ville d&rsquo;Al-Ram, au nord d&rsquo;Al-Qods occup\u00e9e.<\/p>\n<p>Les Palestiniens comm\u00e9morent chaque ann\u00e9e la Journ\u00e9e de la Terre, depuis le 30 mars 1976, en hommage \u00e0 ceux qui ont \u00e9t\u00e9 tu\u00e9s en d\u00e9fendant leurs terres confisqu\u00e9es ill\u00e9galement, et se r\u00e9voltant contre l&rsquo;exil et la juda\u00efsation.<\/p>\n","protected":false},"excerpt":{"rendered":"<p>Les Palestiniens comm\u00e9morent, aujourd\u2019hui, le 45e anniversaire de la \u00ab\u00a0Journ\u00e9e de la terre\u00a0\u00bb par des rassemblements et des marches dans plusieurs villes o\u00f9 la police <a href=\"https:\/\/capalgerie.dz\/index.php\/2021\/03\/30\/marches-et-rassemblements-en-palestine\/\" class=\"read-more-link\">Lire&#8230;<\/a><\/p>\n","protected":false},"author":9,"featured_media":1658,"comment_status":"open","ping_status":"open","sticky":false,"template":"","format":"standard","meta":{"_crdt_document":"","om_disable_all_campaigns":false,"_monsterinsights_skip_tracking":false,"_monsterinsights_sitenote_active":false,"_monsterinsights_sitenote_note":"","_monsterinsights_sitenote_category":0,"_uf_show_specific_survey":0,"_uf_disable_surveys":false,"episode_type":"","audio_file":"","podmotor_file_id":"","podmotor_episode_id":"","cover_image":"","cover_image_id":"","duration":"","filesize":"","filesize_raw":"","date_recorded":"","explicit":"","block":"","itunes_episode_number":"","itunes_title":"","itunes_season_number":"","itunes_episode_type":"","footnotes":""},"categories":[202],"tags":[],"class_list":["post-1656","post","type-post","status-publish","format-standard","has-post-thumbnail","hentry","category-monde"],"aioseo_notices":[],"_links":{"self":[{"href":"https:\/\/capalgerie.dz\/index.php\/wp-json\/wp\/v2\/posts\/1656","targetHints":{"allow":["GET"]}}],"collection":[{"href":"https:\/\/capalgerie.dz\/index.php\/wp-json\/wp\/v2\/posts"}],"about":[{"href":"https:\/\/capalgerie.dz\/index.php\/wp-json\/wp\/v2\/types\/post"}],"author":[{"embeddable":true,"href":"https:\/\/capalgerie.dz\/index.php\/wp-json\/wp\/v2\/users\/9"}],"replies":[{"embeddable":true,"href":"https:\/\/capalgerie.dz\/index.php\/wp-json\/wp\/v2\/comments?post=1656"}],"version-history":[{"count":1,"href":"https:\/\/capalgerie.dz\/index.php\/wp-json\/wp\/v2\/posts\/1656\/revisions"}],"predecessor-version":[{"id":1657,"href":"https:\/\/capalgerie.dz\/index.php\/wp-json\/wp\/v2\/posts\/1656\/revisions\/1657"}],"wp:featuredmedia":[{"embeddable":true,"href":"https:\/\/capalgerie.dz\/index.php\/wp-json\/wp\/v2\/media\/1658"}],"wp:attachment":[{"href":"https:\/\/capalgerie.dz\/index.php\/wp-json\/wp\/v2\/media?parent=1656"}],"wp:term":[{"taxonomy":"category","embeddable":true,"href":"https:\/\/capalgerie.dz\/index.php\/wp-json\/wp\/v2\/categories?post=1656"},{"taxonomy":"post_tag","embeddable":true,"href":"https:\/\/capalgerie.dz\/index.php\/wp-json\/wp\/v2\/tags?post=1656"}],"curies":[{"name":"wp","href":"https:\/\/api.w.org\/{rel}","templated":true}]}}