{"id":1660,"date":"2021-03-30T15:56:00","date_gmt":"2021-03-30T14:56:00","guid":{"rendered":"https:\/\/capalgerie.dz\/?p=1660"},"modified":"2021-03-30T15:59:41","modified_gmt":"2021-03-30T14:59:41","slug":"boukadoum-lespagne-a-une-responsabilite-historique-au-sahara-occidental","status":"publish","type":"post","link":"https:\/\/capalgerie.dz\/index.php\/2021\/03\/30\/boukadoum-lespagne-a-une-responsabilite-historique-au-sahara-occidental\/","title":{"rendered":"Boukadoum : l&rsquo;Espagne a une responsabilit\u00e9 historique au Sahara Occidental"},"content":{"rendered":"<p>Sabri Boukadoum recommande au gouvernement espagnol de s\u2019impliquer davantage dans le processus de r\u00e8glement du conflit du Sahara occidental. \u00a0Il affirme que l\u2019Espagne ne peut pas nier \u00a0\u00bb sa responsabilit\u00e9 historique vis-\u00e0-vis du peuple sahraoui \u00ab\u00a0.<\/p>\n<p>Dans un entretien au quotidien espagnol \u00a0\u00bb Elpais \u00ab\u00a0, paru, mardi, le ministre des Affaires \u00c9trang\u00e8res a d\u00e9clar\u00e9 qu\u2019 \u00a0\u00bb il n\u2019est pas ais\u00e9 \u00a0\u00bb de g\u00e9rer la situation sur le terrain au Sahara occidental apr\u00e8s la rupture par le Maroc du cessez-le-feu. Boukadoum a affirm\u00e9 que \u00a0\u00bb l&rsquo;Espagne ne pouvait se cacher ind\u00e9finiment derri\u00e8re les Nations Unies \u00ab\u00a0.<\/p>\n<p>Le ministre des Affaires \u00e9trang\u00e8res, a effectu\u00e9, lundi, une visite de travail \u00e0 Madrid \u00e0 l&rsquo;invitation de son homologue espagnole, Arancha Gonzalez Laya. La visite vise \u00e0 d\u00e9velopper davantage le dialogue politique et le partenariat strat\u00e9gique entre les deux pays sur l&rsquo;ensemble des questions et dans tous les domaines d&rsquo;int\u00e9r\u00eat commun, notamment dans le contexte global actuel marqu\u00e9 par des crises pluridimensionnelles.<\/p>\n","protected":false},"excerpt":{"rendered":"<p>Sabri Boukadoum recommande au gouvernement espagnol de s\u2019impliquer davantage dans le processus de r\u00e8glement du conflit du Sahara occidental. \u00a0Il affirme que l\u2019Espagne ne peut <a href=\"https:\/\/capalgerie.dz\/index.php\/2021\/03\/30\/boukadoum-lespagne-a-une-responsabilite-historique-au-sahara-occidental\/\" class=\"read-more-link\">Lire&#8230;<\/a><\/p>\n","protected":false},"author":9,"featured_media":1056,"comment_status":"open","ping_status":"open","sticky":false,"template":"","format":"standard","meta":{"_crdt_document":"","om_disable_all_campaigns":false,"_monsterinsights_skip_tracking":false,"_monsterinsights_sitenote_active":false,"_monsterinsights_sitenote_note":"","_monsterinsights_sitenote_category":0,"_uf_show_specific_survey":0,"_uf_disable_surveys":false,"episode_type":"","audio_file":"","podmotor_file_id":"","podmotor_episode_id":"","cover_image":"","cover_image_id":"","duration":"","filesize":"","filesize_raw":"","date_recorded":"","explicit":"","block":"","itunes_episode_number":"","itunes_title":"","itunes_season_number":"","itunes_episode_type":"","footnotes":""},"categories":[198],"tags":[],"class_list":["post-1660","post","type-post","status-publish","format-standard","has-post-thumbnail","hentry","category-actualite"],"aioseo_notices":[],"_links":{"self":[{"href":"https:\/\/capalgerie.dz\/index.php\/wp-json\/wp\/v2\/posts\/1660","targetHints":{"allow":["GET"]}}],"collection":[{"href":"https:\/\/capalgerie.dz\/index.php\/wp-json\/wp\/v2\/posts"}],"about":[{"href":"https:\/\/capalgerie.dz\/index.php\/wp-json\/wp\/v2\/types\/post"}],"author":[{"embeddable":true,"href":"https:\/\/capalgerie.dz\/index.php\/wp-json\/wp\/v2\/users\/9"}],"replies":[{"embeddable":true,"href":"https:\/\/capalgerie.dz\/index.php\/wp-json\/wp\/v2\/comments?post=1660"}],"version-history":[{"count":1,"href":"https:\/\/capalgerie.dz\/index.php\/wp-json\/wp\/v2\/posts\/1660\/revisions"}],"predecessor-version":[{"id":1661,"href":"https:\/\/capalgerie.dz\/index.php\/wp-json\/wp\/v2\/posts\/1660\/revisions\/1661"}],"wp:featuredmedia":[{"embeddable":true,"href":"https:\/\/capalgerie.dz\/index.php\/wp-json\/wp\/v2\/media\/1056"}],"wp:attachment":[{"href":"https:\/\/capalgerie.dz\/index.php\/wp-json\/wp\/v2\/media?parent=1660"}],"wp:term":[{"taxonomy":"category","embeddable":true,"href":"https:\/\/capalgerie.dz\/index.php\/wp-json\/wp\/v2\/categories?post=1660"},{"taxonomy":"post_tag","embeddable":true,"href":"https:\/\/capalgerie.dz\/index.php\/wp-json\/wp\/v2\/tags?post=1660"}],"curies":[{"name":"wp","href":"https:\/\/api.w.org\/{rel}","templated":true}]}}