{"id":2166,"date":"2024-05-18T15:55:39","date_gmt":"2024-05-18T14:55:39","guid":{"rendered":"https:\/\/capalgerie.dz\/?p=2166"},"modified":"2024-05-18T15:55:39","modified_gmt":"2024-05-18T14:55:39","slug":"le-parti-de-lufds-participera-a-la-prochaine-election-presidentielle","status":"publish","type":"post","link":"https:\/\/capalgerie.dz\/index.php\/2024\/05\/18\/le-parti-de-lufds-participera-a-la-prochaine-election-presidentielle\/","title":{"rendered":"Le parti de l&rsquo;UFDS participera \u00e0 la prochaine \u00e9lection pr\u00e9sidentielle"},"content":{"rendered":"<p> Le secr\u00e9taire g\u00e9n\u00e9ral du parti de l&rsquo;Union des forces d\u00e9mocratiques et sociales (UFDS), Abderrahmane Salah a annonc\u00e9, vendredi \u00e0 Alger, que sa formation politique participera \u00e0 la prochaine \u00e9lection pr\u00e9sidentielle, pr\u00e9vue le 7 septembre prochain.<\/p>\n<p>Dans une allocution prononc\u00e9e lors d&rsquo;une rencontre au si\u00e8ge du parti, le SG de l&rsquo;UFDS a affirm\u00e9 qu&rsquo;il \u00ab\u00a0participera \u00e0 la prochaine \u00e9lection pr\u00e9sidentielle pr\u00e9vue le 7 septembre 2024, \u00e9tant une importante \u00e9tape  permettant de consacrer la pratique d\u00e9mocratique et de poursuivre le processus d&rsquo;\u00e9dification des institutions de l&rsquo;Etat\u00a0\u00bb, ajoutant qu&rsquo;il s&rsquo;agit \u00e9galement d'\u00a0\u00bbun moyen d&rsquo;expression de la volont\u00e9 populaire\u00a0\u00bb.<\/p>\n<p>La formule de participation \u00e0 la prochaine \u00e9lection sera d\u00e9finie \u00ab\u00a0lors du Conseil national qui tiendra sa session le 14 juin prochain, soit par un candidat du parti ou par le soutien d&rsquo;un candidat hors parti\u00a0\u00bb, a ajout\u00e9 M. Salah, appelant les Alg\u00e9riens \u00e0 \u00ab\u00a0se rallier aux institutions de l&rsquo;Etat et \u00e0 participer activement \u00e0 ces \u00e9ch\u00e9ances, quel que soit le candidat choisi\u00a0\u00bb.<\/p>\n<p>La rencontre s&rsquo;est d\u00e9roul\u00e9e en pr\u00e9sence de repr\u00e9sentants de partis politiques et de la r\u00e9sistance palestinienne.<\/p>\n<p>Le SG de l&rsquo;UFDS s&rsquo;est dit convaincu que \u00ab\u00a0la r\u00e9sistance palestinienne vaincra l&rsquo;occupant sioniste barbare\u00a0\u00bb.<\/p>\n<p>Le repr\u00e9sentant du Front populaire de lib\u00e9ration de la Palestine (FPLP), Nadir Al Kaisi a mis en avant \u00ab\u00a0le  courage de la r\u00e9sistance palestinienne, toutes factions confondues, face \u00e0 la machine de guerre de l&rsquo;occupant sioniste et la poursuite de la lutte jusqu&rsquo;\u00e0 la lib\u00e9ration de la Palestine et l&rsquo;\u00e9tablissement de son Etat ind\u00e9pendant avec El Qods comme capitale\u00a0\u00bb.<\/p>\n<p>A cette occasion, M. Al Kaisi a salu\u00e9 les efforts \u00ab\u00a0colossaux\u00a0\u00bb de l&rsquo;Alg\u00e9rie et l&rsquo;action de sa diplomatie au niveau du Conseil de s\u00e9curit\u00e9 ainsi que son \u00ab\u00a0r\u00f4le actif\u00a0\u00bb pour l&rsquo;admission de la Palestine comme Etat de plein droit \u00e0 l&rsquo;ONU.<\/p>\n<p>L&rsquo;Alg\u00e9rie a mis la lumi\u00e8re sur \u00ab\u00a0le foss\u00e9 entre les peuples et les Gouvernements qui soutiennent l&rsquo;entit\u00e9 sioniste\u00a0\u00bb, a-t-il relev\u00e9.<\/p>\n","protected":false},"excerpt":{"rendered":"<p>Le secr\u00e9taire g\u00e9n\u00e9ral du parti de l&rsquo;Union des forces d\u00e9mocratiques et sociales (UFDS), Abderrahmane Salah a annonc\u00e9, vendredi \u00e0 Alger, que sa formation politique participera <a href=\"https:\/\/capalgerie.dz\/index.php\/2024\/05\/18\/le-parti-de-lufds-participera-a-la-prochaine-election-presidentielle\/\" class=\"read-more-link\">Lire&#8230;<\/a><\/p>\n","protected":false},"author":4,"featured_media":2167,"comment_status":"open","ping_status":"open","sticky":false,"template":"","format":"standard","meta":{"_crdt_document":"","om_disable_all_campaigns":false,"_monsterinsights_skip_tracking":false,"_monsterinsights_sitenote_active":false,"_monsterinsights_sitenote_note":"","_monsterinsights_sitenote_category":0,"_uf_show_specific_survey":0,"_uf_disable_surveys":false,"episode_type":"","audio_file":"","podmotor_file_id":"","podmotor_episode_id":"","cover_image":"","cover_image_id":"","duration":"","filesize":"","filesize_raw":"","date_recorded":"","explicit":"","block":"","itunes_episode_number":"","itunes_title":"","itunes_season_number":"","itunes_episode_type":"","footnotes":""},"categories":[198,205],"tags":[],"class_list":["post-2166","post","type-post","status-publish","format-standard","has-post-thumbnail","hentry","category-actualite","category-politique"],"aioseo_notices":[],"_links":{"self":[{"href":"https:\/\/capalgerie.dz\/index.php\/wp-json\/wp\/v2\/posts\/2166","targetHints":{"allow":["GET"]}}],"collection":[{"href":"https:\/\/capalgerie.dz\/index.php\/wp-json\/wp\/v2\/posts"}],"about":[{"href":"https:\/\/capalgerie.dz\/index.php\/wp-json\/wp\/v2\/types\/post"}],"author":[{"embeddable":true,"href":"https:\/\/capalgerie.dz\/index.php\/wp-json\/wp\/v2\/users\/4"}],"replies":[{"embeddable":true,"href":"https:\/\/capalgerie.dz\/index.php\/wp-json\/wp\/v2\/comments?post=2166"}],"version-history":[{"count":1,"href":"https:\/\/capalgerie.dz\/index.php\/wp-json\/wp\/v2\/posts\/2166\/revisions"}],"predecessor-version":[{"id":2168,"href":"https:\/\/capalgerie.dz\/index.php\/wp-json\/wp\/v2\/posts\/2166\/revisions\/2168"}],"wp:featuredmedia":[{"embeddable":true,"href":"https:\/\/capalgerie.dz\/index.php\/wp-json\/wp\/v2\/media\/2167"}],"wp:attachment":[{"href":"https:\/\/capalgerie.dz\/index.php\/wp-json\/wp\/v2\/media?parent=2166"}],"wp:term":[{"taxonomy":"category","embeddable":true,"href":"https:\/\/capalgerie.dz\/index.php\/wp-json\/wp\/v2\/categories?post=2166"},{"taxonomy":"post_tag","embeddable":true,"href":"https:\/\/capalgerie.dz\/index.php\/wp-json\/wp\/v2\/tags?post=2166"}],"curies":[{"name":"wp","href":"https:\/\/api.w.org\/{rel}","templated":true}]}}