{"id":2198,"date":"2024-05-19T18:59:43","date_gmt":"2024-05-19T17:59:43","guid":{"rendered":"https:\/\/capalgerie.dz\/?p=2198"},"modified":"2024-05-19T18:59:43","modified_gmt":"2024-05-19T17:59:43","slug":"le-president-de-la-republique-preside-la-ceremonie-commemorative-de-la-journee-nationale-de-letudiant","status":"publish","type":"post","link":"https:\/\/capalgerie.dz\/index.php\/2024\/05\/19\/le-president-de-la-republique-preside-la-ceremonie-commemorative-de-la-journee-nationale-de-letudiant\/","title":{"rendered":"Le pr\u00e9sident de la R\u00e9publique pr\u00e9side la c\u00e9r\u00e9monie comm\u00e9morative de la Journ\u00e9e nationale de l&rsquo;\u00e9tudiant"},"content":{"rendered":"<p>Le pr\u00e9sident de la R\u00e9publique, M. Abdelmadjid Tebboune, a pr\u00e9sid\u00e9, dimanche au P\u00f4le scientifique et technologique de la nouvelle ville de Sidi Abdellah (Alger), la c\u00e9r\u00e9monie comm\u00e9morative de la Journ\u00e9e nationale de l&rsquo;\u00e9tudiant, co\u00efncidant avec le 19 mai de chaque ann\u00e9e.<\/p>\n<p>Organis\u00e9e sous le slogan \u00ab\u00a0L&rsquo;\u00e9tudiant alg\u00e9rien: de la r\u00e9sistance et la lib\u00e9ration \u00e0 la science et l&rsquo;\u00e9dification\u00a0\u00bb, la c\u00e9r\u00e9monie s&rsquo;est d\u00e9roul\u00e9e en pr\u00e9sence de hauts responsables de l&rsquo;Etat, de membres du Gouvernement et de responsables d&rsquo;institutions et d&rsquo;organismes nationaux, ainsi que de repr\u00e9sentants de la famille estudiantine et universitaire.<\/p>\n<p>Auparavant, le pr\u00e9sident de la R\u00e9publique avait proc\u00e9d\u00e9 \u00e0 l&rsquo;inauguration de ce P\u00f4le scientifique et technologique qui porte le nom du Chahid \u00ab\u00a0Abdelhafid Ihaddadene\u00a0\u00bb.<\/p>\n","protected":false},"excerpt":{"rendered":"<p>Le pr\u00e9sident de la R\u00e9publique, M. Abdelmadjid Tebboune, a pr\u00e9sid\u00e9, dimanche au P\u00f4le scientifique et technologique de la nouvelle ville de Sidi Abdellah (Alger), la <a href=\"https:\/\/capalgerie.dz\/index.php\/2024\/05\/19\/le-president-de-la-republique-preside-la-ceremonie-commemorative-de-la-journee-nationale-de-letudiant\/\" class=\"read-more-link\">Lire&#8230;<\/a><\/p>\n","protected":false},"author":4,"featured_media":2199,"comment_status":"open","ping_status":"open","sticky":false,"template":"","format":"standard","meta":{"_crdt_document":"","om_disable_all_campaigns":false,"_monsterinsights_skip_tracking":false,"_monsterinsights_sitenote_active":false,"_monsterinsights_sitenote_note":"","_monsterinsights_sitenote_category":0,"_uf_show_specific_survey":0,"_uf_disable_surveys":false,"episode_type":"","audio_file":"","podmotor_file_id":"","podmotor_episode_id":"","cover_image":"","cover_image_id":"","duration":"","filesize":"","filesize_raw":"","date_recorded":"","explicit":"","block":"","itunes_episode_number":"","itunes_title":"","itunes_season_number":"","itunes_episode_type":"","footnotes":""},"categories":[198],"tags":[],"class_list":["post-2198","post","type-post","status-publish","format-standard","has-post-thumbnail","hentry","category-actualite"],"aioseo_notices":[],"_links":{"self":[{"href":"https:\/\/capalgerie.dz\/index.php\/wp-json\/wp\/v2\/posts\/2198","targetHints":{"allow":["GET"]}}],"collection":[{"href":"https:\/\/capalgerie.dz\/index.php\/wp-json\/wp\/v2\/posts"}],"about":[{"href":"https:\/\/capalgerie.dz\/index.php\/wp-json\/wp\/v2\/types\/post"}],"author":[{"embeddable":true,"href":"https:\/\/capalgerie.dz\/index.php\/wp-json\/wp\/v2\/users\/4"}],"replies":[{"embeddable":true,"href":"https:\/\/capalgerie.dz\/index.php\/wp-json\/wp\/v2\/comments?post=2198"}],"version-history":[{"count":1,"href":"https:\/\/capalgerie.dz\/index.php\/wp-json\/wp\/v2\/posts\/2198\/revisions"}],"predecessor-version":[{"id":2201,"href":"https:\/\/capalgerie.dz\/index.php\/wp-json\/wp\/v2\/posts\/2198\/revisions\/2201"}],"wp:featuredmedia":[{"embeddable":true,"href":"https:\/\/capalgerie.dz\/index.php\/wp-json\/wp\/v2\/media\/2199"}],"wp:attachment":[{"href":"https:\/\/capalgerie.dz\/index.php\/wp-json\/wp\/v2\/media?parent=2198"}],"wp:term":[{"taxonomy":"category","embeddable":true,"href":"https:\/\/capalgerie.dz\/index.php\/wp-json\/wp\/v2\/categories?post=2198"},{"taxonomy":"post_tag","embeddable":true,"href":"https:\/\/capalgerie.dz\/index.php\/wp-json\/wp\/v2\/tags?post=2198"}],"curies":[{"name":"wp","href":"https:\/\/api.w.org\/{rel}","templated":true}]}}