{"id":2444,"date":"2024-06-03T12:34:16","date_gmt":"2024-06-03T11:34:16","guid":{"rendered":"https:\/\/capalgerie.dz\/?p=2444"},"modified":"2024-06-03T12:34:16","modified_gmt":"2024-06-03T11:34:16","slug":"maldives-lentree-au-territoire-interdite-aux-personnes-issues-de-lentite-sioniste","status":"publish","type":"post","link":"https:\/\/capalgerie.dz\/index.php\/2024\/06\/03\/maldives-lentree-au-territoire-interdite-aux-personnes-issues-de-lentite-sioniste\/","title":{"rendered":"Maldives: l&rsquo;entr\u00e9e au territoire interdite aux personnes issues de l&rsquo;entit\u00e9 sioniste"},"content":{"rendered":"<p>Les autorit\u00e9s maldiviennes ont d\u00e9cid\u00e9 dans le cadre d&rsquo;une action nationale de solidarit\u00e9 avec la Palestine, d&rsquo;interdire l&rsquo;entr\u00e9e de leur territoire aux personnes issues de l&rsquo;entit\u00e9 sioniste, a annonc\u00e9, dimanche, la pr\u00e9sidence des Maldives.<\/p>\n<p>\u00ab\u00a0Nous avons d\u00e9cid\u00e9 d&rsquo;imposer une interdiction des passeports\u00a0\u00bb des personnes issues de l&rsquo;entit\u00e9 sioniste, a d\u00e9clar\u00e9 un porte-parole de la pr\u00e9sidence dans un communiqu\u00e9, ajoutant que le pr\u00e9sident Muizzu a d\u00e9cid\u00e9 \u00e9galement une campagne nationale de collecte de fonds intitul\u00e9e \u00ab\u00a0Les Maldiviens solidaires de la Palestine\u00a0\u00bb.<\/p>\n<p>La d\u00e9claration des autorit\u00e9s maldiviennes intervient en plein \u00e9lan de solidarit\u00e9 internationale avec la cause palestinienne, marqu\u00e9 notamment par la reconnaissance par plusieurs pays de l&rsquo;Etat palestinien, et des manifestations de solidarit\u00e9 avec les Ghazaouis.<\/p>\n","protected":false},"excerpt":{"rendered":"<p>Les autorit\u00e9s maldiviennes ont d\u00e9cid\u00e9 dans le cadre d&rsquo;une action nationale de solidarit\u00e9 avec la Palestine, d&rsquo;interdire l&rsquo;entr\u00e9e de leur territoire aux personnes issues de <a href=\"https:\/\/capalgerie.dz\/index.php\/2024\/06\/03\/maldives-lentree-au-territoire-interdite-aux-personnes-issues-de-lentite-sioniste\/\" class=\"read-more-link\">Lire&#8230;<\/a><\/p>\n","protected":false},"author":4,"featured_media":2445,"comment_status":"open","ping_status":"open","sticky":false,"template":"","format":"standard","meta":{"_crdt_document":"","om_disable_all_campaigns":false,"_monsterinsights_skip_tracking":false,"_monsterinsights_sitenote_active":false,"_monsterinsights_sitenote_note":"","_monsterinsights_sitenote_category":0,"_uf_show_specific_survey":0,"_uf_disable_surveys":false,"episode_type":"","audio_file":"","podmotor_file_id":"","podmotor_episode_id":"","cover_image":"","cover_image_id":"","duration":"","filesize":"","filesize_raw":"","date_recorded":"","explicit":"","block":"","itunes_episode_number":"","itunes_title":"","itunes_season_number":"","itunes_episode_type":"","footnotes":""},"categories":[198,202],"tags":[],"class_list":["post-2444","post","type-post","status-publish","format-standard","has-post-thumbnail","hentry","category-actualite","category-monde"],"aioseo_notices":[],"_links":{"self":[{"href":"https:\/\/capalgerie.dz\/index.php\/wp-json\/wp\/v2\/posts\/2444","targetHints":{"allow":["GET"]}}],"collection":[{"href":"https:\/\/capalgerie.dz\/index.php\/wp-json\/wp\/v2\/posts"}],"about":[{"href":"https:\/\/capalgerie.dz\/index.php\/wp-json\/wp\/v2\/types\/post"}],"author":[{"embeddable":true,"href":"https:\/\/capalgerie.dz\/index.php\/wp-json\/wp\/v2\/users\/4"}],"replies":[{"embeddable":true,"href":"https:\/\/capalgerie.dz\/index.php\/wp-json\/wp\/v2\/comments?post=2444"}],"version-history":[{"count":1,"href":"https:\/\/capalgerie.dz\/index.php\/wp-json\/wp\/v2\/posts\/2444\/revisions"}],"predecessor-version":[{"id":2446,"href":"https:\/\/capalgerie.dz\/index.php\/wp-json\/wp\/v2\/posts\/2444\/revisions\/2446"}],"wp:featuredmedia":[{"embeddable":true,"href":"https:\/\/capalgerie.dz\/index.php\/wp-json\/wp\/v2\/media\/2445"}],"wp:attachment":[{"href":"https:\/\/capalgerie.dz\/index.php\/wp-json\/wp\/v2\/media?parent=2444"}],"wp:term":[{"taxonomy":"category","embeddable":true,"href":"https:\/\/capalgerie.dz\/index.php\/wp-json\/wp\/v2\/categories?post=2444"},{"taxonomy":"post_tag","embeddable":true,"href":"https:\/\/capalgerie.dz\/index.php\/wp-json\/wp\/v2\/tags?post=2444"}],"curies":[{"name":"wp","href":"https:\/\/api.w.org\/{rel}","templated":true}]}}