{"id":2517,"date":"2024-06-08T12:25:18","date_gmt":"2024-06-08T11:25:18","guid":{"rendered":"https:\/\/capalgerie.dz\/?p=2517"},"modified":"2024-06-08T13:29:43","modified_gmt":"2024-06-08T12:29:43","slug":"le-president-tebboune-convoque-le-corps-electoral","status":"publish","type":"post","link":"https:\/\/capalgerie.dz\/index.php\/2024\/06\/08\/le-president-tebboune-convoque-le-corps-electoral\/","title":{"rendered":"Le Pr\u00e9sident Tebboune convoque le corps electoral"},"content":{"rendered":"<p>Le pr\u00e9sident de la R\u00e9publique Abdelmadjid Tebboune a sign\u00e9, ce samedi, le d\u00e9cret portant convocation du corps \u00e9lectoral pour des \u00e9lections pr\u00e9sidentielles anticip\u00e9es le samedi 7 septembre 2024, selon un communiqu\u00e9 de la pr\u00e9sidence de la R\u00e9publique.Le m\u00eame d\u00e9cret pr\u00e9sidentiel pr\u00e9voit \u00e9galement le d\u00e9but de la r\u00e9vision exceptionnelle des listes \u00e9lectorales \u00e0 partir du mercredi 12 juin 2024, pour se terminer le jeudi 27 juin 2024.<\/p>\n","protected":false},"excerpt":{"rendered":"<p>Le pr\u00e9sident de la R\u00e9publique Abdelmadjid Tebboune a sign\u00e9, ce samedi, le d\u00e9cret portant convocation du corps \u00e9lectoral pour des \u00e9lections pr\u00e9sidentielles anticip\u00e9es le samedi <a href=\"https:\/\/capalgerie.dz\/index.php\/2024\/06\/08\/le-president-tebboune-convoque-le-corps-electoral\/\" class=\"read-more-link\">Lire&#8230;<\/a><\/p>\n","protected":false},"author":4,"featured_media":2520,"comment_status":"open","ping_status":"open","sticky":false,"template":"","format":"standard","meta":{"_crdt_document":"","om_disable_all_campaigns":false,"_monsterinsights_skip_tracking":false,"_monsterinsights_sitenote_active":false,"_monsterinsights_sitenote_note":"","_monsterinsights_sitenote_category":0,"_uf_show_specific_survey":0,"_uf_disable_surveys":false,"episode_type":"","audio_file":"","podmotor_file_id":"","podmotor_episode_id":"","cover_image":"","cover_image_id":"","duration":"","filesize":"","filesize_raw":"","date_recorded":"","explicit":"","block":"","itunes_episode_number":"","itunes_title":"","itunes_season_number":"","itunes_episode_type":"","footnotes":""},"categories":[198,205],"tags":[],"class_list":["post-2517","post","type-post","status-publish","format-standard","has-post-thumbnail","hentry","category-actualite","category-politique"],"aioseo_notices":[],"_links":{"self":[{"href":"https:\/\/capalgerie.dz\/index.php\/wp-json\/wp\/v2\/posts\/2517","targetHints":{"allow":["GET"]}}],"collection":[{"href":"https:\/\/capalgerie.dz\/index.php\/wp-json\/wp\/v2\/posts"}],"about":[{"href":"https:\/\/capalgerie.dz\/index.php\/wp-json\/wp\/v2\/types\/post"}],"author":[{"embeddable":true,"href":"https:\/\/capalgerie.dz\/index.php\/wp-json\/wp\/v2\/users\/4"}],"replies":[{"embeddable":true,"href":"https:\/\/capalgerie.dz\/index.php\/wp-json\/wp\/v2\/comments?post=2517"}],"version-history":[{"count":1,"href":"https:\/\/capalgerie.dz\/index.php\/wp-json\/wp\/v2\/posts\/2517\/revisions"}],"predecessor-version":[{"id":2519,"href":"https:\/\/capalgerie.dz\/index.php\/wp-json\/wp\/v2\/posts\/2517\/revisions\/2519"}],"wp:featuredmedia":[{"embeddable":true,"href":"https:\/\/capalgerie.dz\/index.php\/wp-json\/wp\/v2\/media\/2520"}],"wp:attachment":[{"href":"https:\/\/capalgerie.dz\/index.php\/wp-json\/wp\/v2\/media?parent=2517"}],"wp:term":[{"taxonomy":"category","embeddable":true,"href":"https:\/\/capalgerie.dz\/index.php\/wp-json\/wp\/v2\/categories?post=2517"},{"taxonomy":"post_tag","embeddable":true,"href":"https:\/\/capalgerie.dz\/index.php\/wp-json\/wp\/v2\/tags?post=2517"}],"curies":[{"name":"wp","href":"https:\/\/api.w.org\/{rel}","templated":true}]}}