{"id":2566,"date":"2024-06-09T18:45:13","date_gmt":"2024-06-09T17:45:13","guid":{"rendered":"https:\/\/capalgerie.dz\/?p=2566"},"modified":"2024-06-09T18:47:55","modified_gmt":"2024-06-09T17:47:55","slug":"saida-neghza-candidate-a-la-candidature-a-la-presidence-de-la-republique","status":"publish","type":"post","link":"https:\/\/capalgerie.dz\/index.php\/2024\/06\/09\/saida-neghza-candidate-a-la-candidature-a-la-presidence-de-la-republique\/","title":{"rendered":"Sa\u00efda Neghza candidate \u00e0 la candidature \u00e0 la pr\u00e9sidence de la R\u00e9publique"},"content":{"rendered":"<p>Dans un communiqu\u00e9 parvenu \u00e0 notre r\u00e9daction, la pr\u00e9sidente de la CGEA, Sa\u00efda Neghza, annonce son intention de prendre part aux prochaines \u00e9lections pr\u00e9sidentielles pr\u00e9vues le 7 septembre 2024. \u00ab\u00a0Cette d\u00e9cision, \u00e9crit-elle, intervient apr\u00e8s m\u00fbres r\u00e9flexions d\u00e9coule des mes profondes convictions que notre vaillant peuple, notre grande nation et notre pays continent m\u00e9ritent une gouvernance, \u00e0 la hauteur des aspirations l\u00e9gitimes de chacun de nos concitoyens et concitoyennes.\u00a0\u00bb Le m\u00eame communiqu\u00e9 annonce que Mme Neghza tiendra demain lundi matin une conf\u00e9rence de presse lors de laquelle elle annoncera sa candidature. <\/p>\n","protected":false},"excerpt":{"rendered":"<p>Dans un communiqu\u00e9 parvenu \u00e0 notre r\u00e9daction, la pr\u00e9sidente de la CGEA, Sa\u00efda Neghza, annonce son intention de prendre part aux prochaines \u00e9lections pr\u00e9sidentielles pr\u00e9vues <a href=\"https:\/\/capalgerie.dz\/index.php\/2024\/06\/09\/saida-neghza-candidate-a-la-candidature-a-la-presidence-de-la-republique\/\" class=\"read-more-link\">Lire&#8230;<\/a><\/p>\n","protected":false},"author":2,"featured_media":2567,"comment_status":"open","ping_status":"open","sticky":false,"template":"","format":"standard","meta":{"_crdt_document":"","om_disable_all_campaigns":false,"_monsterinsights_skip_tracking":false,"_monsterinsights_sitenote_active":false,"_monsterinsights_sitenote_note":"","_monsterinsights_sitenote_category":0,"_uf_show_specific_survey":0,"_uf_disable_surveys":false,"episode_type":"","audio_file":"","podmotor_file_id":"","podmotor_episode_id":"","cover_image":"","cover_image_id":"","duration":"","filesize":"","filesize_raw":"","date_recorded":"","explicit":"","block":"","itunes_episode_number":"","itunes_title":"","itunes_season_number":"","itunes_episode_type":"","footnotes":""},"categories":[198,205],"tags":[],"class_list":["post-2566","post","type-post","status-publish","format-standard","has-post-thumbnail","hentry","category-actualite","category-politique"],"aioseo_notices":[],"_links":{"self":[{"href":"https:\/\/capalgerie.dz\/index.php\/wp-json\/wp\/v2\/posts\/2566","targetHints":{"allow":["GET"]}}],"collection":[{"href":"https:\/\/capalgerie.dz\/index.php\/wp-json\/wp\/v2\/posts"}],"about":[{"href":"https:\/\/capalgerie.dz\/index.php\/wp-json\/wp\/v2\/types\/post"}],"author":[{"embeddable":true,"href":"https:\/\/capalgerie.dz\/index.php\/wp-json\/wp\/v2\/users\/2"}],"replies":[{"embeddable":true,"href":"https:\/\/capalgerie.dz\/index.php\/wp-json\/wp\/v2\/comments?post=2566"}],"version-history":[{"count":2,"href":"https:\/\/capalgerie.dz\/index.php\/wp-json\/wp\/v2\/posts\/2566\/revisions"}],"predecessor-version":[{"id":2569,"href":"https:\/\/capalgerie.dz\/index.php\/wp-json\/wp\/v2\/posts\/2566\/revisions\/2569"}],"wp:featuredmedia":[{"embeddable":true,"href":"https:\/\/capalgerie.dz\/index.php\/wp-json\/wp\/v2\/media\/2567"}],"wp:attachment":[{"href":"https:\/\/capalgerie.dz\/index.php\/wp-json\/wp\/v2\/media?parent=2566"}],"wp:term":[{"taxonomy":"category","embeddable":true,"href":"https:\/\/capalgerie.dz\/index.php\/wp-json\/wp\/v2\/categories?post=2566"},{"taxonomy":"post_tag","embeddable":true,"href":"https:\/\/capalgerie.dz\/index.php\/wp-json\/wp\/v2\/tags?post=2566"}],"curies":[{"name":"wp","href":"https:\/\/api.w.org\/{rel}","templated":true}]}}