{"id":2577,"date":"2024-06-10T19:50:58","date_gmt":"2024-06-10T18:50:58","guid":{"rendered":"https:\/\/capalgerie.dz\/?p=2577"},"modified":"2024-06-11T17:45:57","modified_gmt":"2024-06-11T16:45:57","slug":"ouverture-du-salon-international-du-textile-de-lhabillement-du-cuir-et-de-lequipement","status":"publish","type":"post","link":"https:\/\/capalgerie.dz\/index.php\/2024\/06\/10\/ouverture-du-salon-international-du-textile-de-lhabillement-du-cuir-et-de-lequipement\/","title":{"rendered":"Ouverture du Salon international du textile, de l&rsquo;habillement, du cuir et de l&rsquo;\u00e9quipement"},"content":{"rendered":"<p>Le 7e Salon international du textile, de l&rsquo;habillement, du cuir et de l&rsquo;\u00e9quipement \u00ab\u00a0TexStyle Expo\u00a0\u00bb a ouvert ses portes, lundi au Palais des expositions (Pins maritimes-Alger), avec la participation de plus de 170 exposants, avec une forte pr\u00e9sence des \u00e9trangers.<\/p>\n<p>Cet \u00e9v\u00e8nement qui s&rsquo;\u00e9talera sur 3 jours (jusqu&rsquo;au 12 juin), r\u00e9unit 170 exposants de 8 pays dont la Tunisie, l&rsquo;Egypte, l&rsquo;Italie, la Turquie, la Chine, l&rsquo;Inde et le Bangladesh, en plus de l&rsquo;Alg\u00e9rie, a-t-on appris aupr\u00e8s des organisateurs.<\/p>\n<p>La Chine participe avec 60 entreprises, et la Turquie avec 40, \u00ab\u00a0deux pays qui entretiennent d&rsquo;importants \u00e9changes commerciaux avec l&rsquo;Alg\u00e9rie dans le domaine des textiles, tant en mati\u00e8re premi\u00e8re qu&rsquo;en moyens et technologies, alors que le salon connait la participation de 60 exposants alg\u00e9riens, dont 6 start-up\u00a0\u00bb, a affirm\u00e9 \u00e0 l&rsquo;APS le directeur de la soci\u00e9t\u00e9 organisatrice, Mohamed Amine Bekkouche.<\/p>\n<p>Le salon \u00ab\u00a0TexStyle Expo\u00a0\u00bb se veut une opportunit\u00e9 pour les investisseurs et les op\u00e9rateurs \u00e9conomiques, activant dans les domaines du filage, du textile, du design, de l&rsquo;impression, de l&rsquo;habillement, du cuir, des chaussures, des valises, des moyens de fabrication, de la tapisserie et des accessoires, \u00ab\u00a0afin de mettre en avant leurs produits et entretenir de nouveaux partenariats aux fins d&rsquo;am\u00e9liorer le produit local et de renforcer sa comp\u00e9titivit\u00e9 avec les produits import\u00e9s ainsi que de soutenir l&rsquo;\u00e9conomie nationale hors hydrocarbures\u00a0\u00bb, ajoutent les organisateurs.<\/p>\n<p>Participant parmi tant d&rsquo;autres \u00e0 ce Salon, la soci\u00e9t\u00e9 alg\u00e9rienne des industries textiles (Tayal), une joint-venture alg\u00e9ro-turque, a mis en exergue la diversit\u00e9 de ses produits et ses capacit\u00e9s \u00e0 r\u00e9pondre aux besoins du march\u00e9 national en ce qui concerne le pr\u00eat \u00e0 porter, les fils et les tissus qui sont \u00e9galement export\u00e9s \u00e0 l&rsquo;\u00e9tranger\u00a0\u00bb, a indiqu\u00e9 \u00e0 l&rsquo;APS la responsable de la communication et des relations g\u00e9n\u00e9rales aupr\u00e8s de cette soci\u00e9t\u00e9, Mme Nassila Marniz.<\/p>\n<p>L&rsquo;intervenante a fait savoir que la soci\u00e9t\u00e9 lancera prochainement une marque de sous-v\u00eatements en coton fabriqu\u00e9s localement, apr\u00e8s celle de pantalons lanc\u00e9s r\u00e9cemment au niveau d&rsquo;un point de vente \u00e0 Oran en attendant l&rsquo;ouverture d&rsquo;autres prochainement dans les autres wilayas.<\/p>\n<p>Les exposants \u00e9trangers ont affich\u00e9 leur int\u00e9r\u00eat de trouver de nouvelles opportunit\u00e9s de partenariat sur le march\u00e9 alg\u00e9rien, \u00e0 l&rsquo;instar de la soci\u00e9t\u00e9 tunisienne de fabrication d&rsquo;accessoires.<\/p>\n<p>Le g\u00e9rant aupr\u00e8s d&rsquo;un distributeur officiel d&rsquo;une marque chinoise d&rsquo;\u00e9quipements de textiles, Mohamed Amine Yakhlef a indiqu\u00e9 que cette exposition a permis \u00e0 sa soci\u00e9t\u00e9 d&rsquo;accompagner l&rsquo;\u00e9volution mondiale en la mati\u00e8re et faire conna\u00eetre aux autres op\u00e9rateurs les derniers \u00e9quipements disponibles.<\/p>\n","protected":false},"excerpt":{"rendered":"<p>Le 7e Salon international du textile, de l&rsquo;habillement, du cuir et de l&rsquo;\u00e9quipement \u00ab\u00a0TexStyle Expo\u00a0\u00bb a ouvert ses portes, lundi au Palais des expositions (Pins <a href=\"https:\/\/capalgerie.dz\/index.php\/2024\/06\/10\/ouverture-du-salon-international-du-textile-de-lhabillement-du-cuir-et-de-lequipement\/\" class=\"read-more-link\">Lire&#8230;<\/a><\/p>\n","protected":false},"author":4,"featured_media":2578,"comment_status":"open","ping_status":"open","sticky":false,"template":"","format":"standard","meta":{"_crdt_document":"","om_disable_all_campaigns":false,"_monsterinsights_skip_tracking":false,"_monsterinsights_sitenote_active":false,"_monsterinsights_sitenote_note":"","_monsterinsights_sitenote_category":0,"_uf_show_specific_survey":0,"_uf_disable_surveys":false,"episode_type":"","audio_file":"","podmotor_file_id":"","podmotor_episode_id":"","cover_image":"","cover_image_id":"","duration":"","filesize":"","filesize_raw":"","date_recorded":"","explicit":"","block":"","itunes_episode_number":"","itunes_title":"","itunes_season_number":"","itunes_episode_type":"","footnotes":""},"categories":[198,200],"tags":[],"class_list":["post-2577","post","type-post","status-publish","format-standard","has-post-thumbnail","hentry","category-actualite","category-economie"],"aioseo_notices":[],"_links":{"self":[{"href":"https:\/\/capalgerie.dz\/index.php\/wp-json\/wp\/v2\/posts\/2577","targetHints":{"allow":["GET"]}}],"collection":[{"href":"https:\/\/capalgerie.dz\/index.php\/wp-json\/wp\/v2\/posts"}],"about":[{"href":"https:\/\/capalgerie.dz\/index.php\/wp-json\/wp\/v2\/types\/post"}],"author":[{"embeddable":true,"href":"https:\/\/capalgerie.dz\/index.php\/wp-json\/wp\/v2\/users\/4"}],"replies":[{"embeddable":true,"href":"https:\/\/capalgerie.dz\/index.php\/wp-json\/wp\/v2\/comments?post=2577"}],"version-history":[{"count":3,"href":"https:\/\/capalgerie.dz\/index.php\/wp-json\/wp\/v2\/posts\/2577\/revisions"}],"predecessor-version":[{"id":2612,"href":"https:\/\/capalgerie.dz\/index.php\/wp-json\/wp\/v2\/posts\/2577\/revisions\/2612"}],"wp:featuredmedia":[{"embeddable":true,"href":"https:\/\/capalgerie.dz\/index.php\/wp-json\/wp\/v2\/media\/2578"}],"wp:attachment":[{"href":"https:\/\/capalgerie.dz\/index.php\/wp-json\/wp\/v2\/media?parent=2577"}],"wp:term":[{"taxonomy":"category","embeddable":true,"href":"https:\/\/capalgerie.dz\/index.php\/wp-json\/wp\/v2\/categories?post=2577"},{"taxonomy":"post_tag","embeddable":true,"href":"https:\/\/capalgerie.dz\/index.php\/wp-json\/wp\/v2\/tags?post=2577"}],"curies":[{"name":"wp","href":"https:\/\/api.w.org\/{rel}","templated":true}]}}