{"id":2680,"date":"2024-06-21T11:11:58","date_gmt":"2024-06-21T10:11:58","guid":{"rendered":"https:\/\/capalgerie.dz\/?p=2680"},"modified":"2024-06-21T11:11:58","modified_gmt":"2024-06-21T10:11:58","slug":"mouvement-dans-les-rangs-des-cadres-superieurs-de-la-dgsn","status":"publish","type":"post","link":"https:\/\/capalgerie.dz\/index.php\/2024\/06\/21\/mouvement-dans-les-rangs-des-cadres-superieurs-de-la-dgsn\/","title":{"rendered":"Mouvement dans les rangs des cadres sup\u00e9rieurs de la DGSN"},"content":{"rendered":"<p>Le pr\u00e9sident de la R\u00e9publique, M. Abdelmadjid Tebboune, a ordonn\u00e9, jeudi, un mouvement dans les rangs des cadres sup\u00e9rieurs de la Direction g\u00e9n\u00e9rale de la S\u00fbret\u00e9 nationale (DGSN), indique un communiqu\u00e9 de la DGSN.<\/p>\n<p>\u00ab\u00a0Conform\u00e9ment aux dispositions de l&rsquo;article 92 de la Constitution, le pr\u00e9sident de la R\u00e9publique, M. Abdelmadjid Tebboune a ordonn\u00e9, jeudi 20 juin 2024, d&rsquo;op\u00e9rer un mouvement dans les rangs des cadres sup\u00e9rieurs de la Direction g\u00e9n\u00e9rale de la S\u00fbret\u00e9 nationale\u00a0\u00bb, lit-on dans le communiqu\u00e9.<\/p>\n<p>Ce mouvement intervient \u00ab\u00a0sur proposition du Directeur g\u00e9n\u00e9ral de la S\u00fbret\u00e9 nationale, et apr\u00e8s l&rsquo;aval du ministre de l&rsquo;Int\u00e9rieur, des Collectivit\u00e9s locales et de l&rsquo;Am\u00e9nagement du territoire\u00a0\u00bb.<\/p>\n<p>Au niveau central :<\/p>\n<p>&#8211; Le Contr\u00f4leur de Police, Zerrouk Tidjani, nomm\u00e9 Directeur des renseignements g\u00e9n\u00e9raux.<\/p>\n<p>&#8211; Le Contr\u00f4leur de Police, Driad Areslane , nomm\u00e9 Directeur de la S\u00e9curit\u00e9 publique.<\/p>\n<p>&#8211; Le Contr\u00f4leur de Police, Laouar Kamel, nomm\u00e9 Directeur de la Police aux fronti\u00e8res.<\/p>\n<p>&#8211; Le Contr\u00f4leur de Police, Bou Ahmed Boubekeur, nomm\u00e9 Directeur des \u00e9tudes \u00e0 la DGSN.<\/p>\n<p>&#8211; Le Commissaire divisionnaire, Kadaoui Khaled, nomm\u00e9 Directeur des \u00e9tudes \u00e0 la DGSN.<\/p>\n<p>&#8211; La Commissaire divisionnaire, Bouarriche Zahra, nomm\u00e9e Sous-Directrice des d&rsquo;\u00e9tudes et de la r\u00e8glementation \u00e0 la Direction de la Police g\u00e9n\u00e9rale.<\/p>\n<p>&#8211; Le Commissaire divisionnaire, Mechane Abdelhak, nomm\u00e9 Chef du Service central de lutte contre le crime organis\u00e9.<\/p>\n<p>&#8211; Le Commissaire divisionnaire, Bennacer Boumediene, nomm\u00e9 Sous-Directeur du Recrutement et de la S\u00e9lection.<\/p>\n<p>&#8211; Le Commissaire principal, Thabet Hilal Fathallah Sidahmed, nomm\u00e9 Sous-Directeur du Personnel.<\/p>\n<p>Au niveau des S\u00fbret\u00e9s de wilaya:<\/p>\n<p>&#8211; Le Contr\u00f4leur de Police, Sidhoum Hassan, nomm\u00e9 chef de S\u00fbret\u00e9 de la wilaya de Mascara.<\/p>\n<p>&#8211; Le Contr\u00f4leur de Police, Douissi Djillali, nomm\u00e9 chef de S\u00fbret\u00e9 de la wilaya de Boumerd\u00e8s<\/p>\n<p>&#8211; Le Contr\u00f4leur de Police, Hachlaf Ali, nomm\u00e9 chef de S\u00fbret\u00e9 de la wilaya de Constantine<\/p>\n<p>&#8211; Le Contr\u00f4leur de Police, Tahouri Djilali, nomm\u00e9 chef de S\u00fbret\u00e9 de la wilaya de Ouargla<\/p>\n<p>&#8211; Le Contr\u00f4leur de Police, Rafaa Debbah Rachid, nomm\u00e9 chef de S\u00fbret\u00e9 de la wilaya de Bordj Bou Arreridj<\/p>\n<p>&#8211; Le Commissaire divisionnaire, Ait Othmane Abdelkader, nomm\u00e9 chef de S\u00fbret\u00e9 de la wilaya d&rsquo;El M&rsquo;ghaier<\/p>\n<p>&#8211; Le Commissaire divisionnaire, Berrai Salim, nomm\u00e9 chef de S\u00fbret\u00e9 de la wilaya de Bouira<\/p>\n<p>&#8211; Le Commissaire divisionnaire, Ben Ahmadou Nacereddine, nomm\u00e9 chef de S\u00fbret\u00e9 de la wilaya de Jijel<\/p>\n<p>&#8211; Le Commissaire divisionnaire, Bettioui Abdelghani, nomm\u00e9 chef de S\u00fbret\u00e9 de la wilaya de Oum El Bouaghi<\/p>\n<p>&#8211; Le Commissaire divisionnaire, Chala Rachid, nomm\u00e9 chef de S\u00fbret\u00e9 de la wilaya de Skikda<\/p>\n<p>&#8211; Le Commissaire divisionnaire, Ameur Ammour, nomm\u00e9 chef de S\u00fbret\u00e9 de la wilaya de B\u00e9ni Abbes<\/p>\n<p>&#8211; Le Commissaire divisionnaire, Fodhil Amar, nomm\u00e9 chef de S\u00fbret\u00e9 de la wilaya de Gharda\u00efa<\/p>\n<p>&#8211; Le Commissaire divisionnaire, Beldjaatit Abdelhamid, nomm\u00e9 chef de S\u00fbret\u00e9 de la wilaya d&rsquo;Ilizi<\/p>\n<p>&#8211; Le Commissaire divisionnaire, Zerg El-Ein Hakim, nomm\u00e9 chef de S\u00fbret\u00e9 de wilaya de Tlemcen<\/p>\n<p>&#8211; Le Commissaire divisionnaire, Rebai Abdelkader, nomm\u00e9 chef de S\u00fbret\u00e9 de la wilaya de T\u00e9bessa<\/p>\n<p>&#8211; Le Commissaire divisionnaire, Moumni R\u00e9da, nomm\u00e9 chef de S\u00fbret\u00e9 de la wilaya de Tamanrasset<\/p>\n<p>&#8211; Le Commissaire divisionnaire, Kechout Farid, nomm\u00e9 chef de S\u00fbret\u00e9 de la wilaya de Ouled Djellal<\/p>\n<p>&#8211; Le Commissaire divisionnaire, Bouchriet Ahmed, nomm\u00e9 chef de S\u00fbret\u00e9 de la wilaya de Relizane<\/p>\n","protected":false},"excerpt":{"rendered":"<p>Le pr\u00e9sident de la R\u00e9publique, M. Abdelmadjid Tebboune, a ordonn\u00e9, jeudi, un mouvement dans les rangs des cadres sup\u00e9rieurs de la Direction g\u00e9n\u00e9rale de la <a href=\"https:\/\/capalgerie.dz\/index.php\/2024\/06\/21\/mouvement-dans-les-rangs-des-cadres-superieurs-de-la-dgsn\/\" class=\"read-more-link\">Lire&#8230;<\/a><\/p>\n","protected":false},"author":4,"featured_media":2681,"comment_status":"open","ping_status":"open","sticky":false,"template":"","format":"standard","meta":{"_crdt_document":"","om_disable_all_campaigns":false,"_monsterinsights_skip_tracking":false,"_monsterinsights_sitenote_active":false,"_monsterinsights_sitenote_note":"","_monsterinsights_sitenote_category":0,"_uf_show_specific_survey":0,"_uf_disable_surveys":false,"episode_type":"","audio_file":"","podmotor_file_id":"","podmotor_episode_id":"","cover_image":"","cover_image_id":"","duration":"","filesize":"","filesize_raw":"","date_recorded":"","explicit":"","block":"","itunes_episode_number":"","itunes_title":"","itunes_season_number":"","itunes_episode_type":"","footnotes":""},"categories":[198],"tags":[],"class_list":["post-2680","post","type-post","status-publish","format-standard","has-post-thumbnail","hentry","category-actualite"],"aioseo_notices":[],"_links":{"self":[{"href":"https:\/\/capalgerie.dz\/index.php\/wp-json\/wp\/v2\/posts\/2680","targetHints":{"allow":["GET"]}}],"collection":[{"href":"https:\/\/capalgerie.dz\/index.php\/wp-json\/wp\/v2\/posts"}],"about":[{"href":"https:\/\/capalgerie.dz\/index.php\/wp-json\/wp\/v2\/types\/post"}],"author":[{"embeddable":true,"href":"https:\/\/capalgerie.dz\/index.php\/wp-json\/wp\/v2\/users\/4"}],"replies":[{"embeddable":true,"href":"https:\/\/capalgerie.dz\/index.php\/wp-json\/wp\/v2\/comments?post=2680"}],"version-history":[{"count":1,"href":"https:\/\/capalgerie.dz\/index.php\/wp-json\/wp\/v2\/posts\/2680\/revisions"}],"predecessor-version":[{"id":2682,"href":"https:\/\/capalgerie.dz\/index.php\/wp-json\/wp\/v2\/posts\/2680\/revisions\/2682"}],"wp:featuredmedia":[{"embeddable":true,"href":"https:\/\/capalgerie.dz\/index.php\/wp-json\/wp\/v2\/media\/2681"}],"wp:attachment":[{"href":"https:\/\/capalgerie.dz\/index.php\/wp-json\/wp\/v2\/media?parent=2680"}],"wp:term":[{"taxonomy":"category","embeddable":true,"href":"https:\/\/capalgerie.dz\/index.php\/wp-json\/wp\/v2\/categories?post=2680"},{"taxonomy":"post_tag","embeddable":true,"href":"https:\/\/capalgerie.dz\/index.php\/wp-json\/wp\/v2\/tags?post=2680"}],"curies":[{"name":"wp","href":"https:\/\/api.w.org\/{rel}","templated":true}]}}