{"id":2725,"date":"2024-06-25T16:02:34","date_gmt":"2024-06-25T15:02:34","guid":{"rendered":"https:\/\/capalgerie.dz\/?p=2725"},"modified":"2024-06-25T16:02:34","modified_gmt":"2024-06-25T15:02:34","slug":"energie-lalgerie-et-lue-approfondissent-les-echanges-dans-le-domaine-de-lhydrogene-vert","status":"publish","type":"post","link":"https:\/\/capalgerie.dz\/index.php\/2024\/06\/25\/energie-lalgerie-et-lue-approfondissent-les-echanges-dans-le-domaine-de-lhydrogene-vert\/","title":{"rendered":"Energie: l&rsquo;Alg\u00e9rie et l&rsquo;UE approfondissent les \u00e9changes dans le domaine de l&rsquo;hydrog\u00e8ne vert"},"content":{"rendered":"<p>La rencontre d&rsquo;experts alg\u00e9ro-europ\u00e9ens, organis\u00e9e \u00e0 Alger, sous le th\u00e8me \u00ab\u00a0Vers une \u00e9conomie de l&rsquo;hydrog\u00e8ne vert: strat\u00e9gies, cadres r\u00e8glementaires et projets en cours\u00a0\u00bb, a permis d&rsquo;approfondir les \u00e9changes sur la strat\u00e9gie \u00e0 mettre en \u0153uvre par l&rsquo;Alg\u00e9rie et l&rsquo;Union europ\u00e9enne (UE) pour le d\u00e9velopper de cette fili\u00e8re, a indiqu\u00e9 un communiqu\u00e9 commun.<\/p>\n<p>Cet atelier, co-organis\u00e9 lundi par le minist\u00e8re de l&rsquo;Energie et des mines et la d\u00e9l\u00e9gation de l&rsquo;UE en Alg\u00e9rie, dans le cadre de la mise en \u0153uvre du partenariat strat\u00e9gique dans le domaine de l&rsquo;\u00e9nergie Alg\u00e9rie-UE, a vu la participation d&rsquo;une centaine de repr\u00e9sentants d&rsquo;institutions alg\u00e9riennes et europ\u00e9ennes, des missions diplomatiques europ\u00e9ennes en Alg\u00e9rie, des organisations internationales, des op\u00e9rateurs \u00e9conomiques, ainsi que des chercheurs et experts.<\/p>\n<p>A cette occasion, \u00ab\u00a0les parties prenantes ont \u00e9chang\u00e9 sur les strat\u00e9gies alg\u00e9riennes et europ\u00e9ennes pour le d\u00e9veloppement de la fili\u00e8re de l&rsquo;hydrog\u00e8ne vert, ainsi que sur les nouvelles opportunit\u00e9s offertes dans ce domaine en termes d&rsquo;investissements, de cr\u00e9ation d&#8217;emplois et de nouveaux march\u00e9s, pour d\u00e9carboner les industries et les transports lourds et maritimes\u00a0\u00bb.<\/p>\n<p>L&rsquo;atelier a offert \u00e9galement \u00ab\u00a0l&rsquo;opportunit\u00e9 d&rsquo;analyser les cadres r\u00e8glementaires alg\u00e9riens et europ\u00e9ens r\u00e9gissant la production et le commerce d&rsquo;hydrog\u00e8ne renouvelable, et de passer en revue les approches \u00e0 la certification de l&rsquo;origine renouvelable de l&rsquo;\u00e9lectricit\u00e9 utilis\u00e9e dans la production de l&rsquo;hydrog\u00e8ne\u00a0\u00bb, selon le communiqu\u00e9, ajoutant que l&rsquo;Alg\u00e9rie et l&rsquo;UE, avec ses Etats membres, d\u00e9veloppent d\u00e9j\u00e0 d&rsquo;importants projets pour la production, l&rsquo;utilisation et le transport d&rsquo;hydrog\u00e8ne renouvelable.<\/p>\n<p>L&rsquo;atelier a permis aussi de faire le point sur les projets en cours et \u00e0 venir, en particulier ceux qui sont partag\u00e9s par les deux parties alg\u00e9rienne et europ\u00e9enne.<\/p>\n<p>Il s&rsquo;agit notamment du projet du corridor SoutH2 qui repr\u00e9sente \u00ab\u00a0une excellente opportunit\u00e9 de relier les deux rives, facilitant le d\u00e9veloppement massif de l&rsquo;hydrog\u00e8ne vert et assurant ses d\u00e9bouch\u00e9s vers le march\u00e9 europ\u00e9en\u00a0\u00bb, a not\u00e9 la m\u00eame source en assurant que \u00ab\u00a0les aspects techniques, comme l&rsquo;utilisation des infrastructures actuelles, ainsi que les d\u00e9fis \u00e0 relever pour concr\u00e9tiser cet ambitieux projet, ont \u00e9t\u00e9 abord\u00e9s\u00a0\u00bb.<\/p>\n<p><strong>L&rsquo;Alg\u00e9rie, un hub de l&rsquo;hydrog\u00e8ne renouvelable et propre<\/strong><\/p>\n<p>La r\u00e9flexion sur le d\u00e9veloppement d&rsquo;une \u00e9conomie de l&rsquo;hydrog\u00e8ne vert se poursuivra dans les r\u00e9unions d&rsquo;experts qui se r\u00e9unissent r\u00e9guli\u00e8rement dans le cadre de ce partenariat et sera accompagn\u00e9e par un nouveau programme d&rsquo;assistance technique, a-t-on fait savoir, relevant que \u00ab\u00a0l&rsquo;Alg\u00e9rie dispose de nombreux atouts lui permettant d&rsquo;ouvrir d&rsquo;autres voies d&rsquo;exportation de l&rsquo;hydrog\u00e8ne et de ses d\u00e9riv\u00e9s, devenant ainsi \u00ab\u00a0un hub de l&rsquo;hydrog\u00e8ne renouvelable et propre dans le bassin m\u00e9diterran\u00e9en\u00a0\u00bb.<\/p>\n<p>La coop\u00e9ration bilat\u00e9rale entre l&rsquo;Alg\u00e9rie et l&rsquo;UE dans le domaine de l&rsquo;\u00e9nergie et des mines s&rsquo;inscrit dans le cadre du M\u00e9morandum d&rsquo;entente portant sur un partenariat strat\u00e9gique, sign\u00e9 en 2013 et l&rsquo;Arrangement administratif adopt\u00e9 en 2015 \u00e0 Alger pour ses modalit\u00e9s de mise en \u0153uvre, a-t-on \u00e9galement rappel\u00e9 dans le document, en mentionnant que cette coop\u00e9ration reposait sur un \u00ab\u00a0cadre permanent de dialogue et de concertation, notamment par des \u00e9changes r\u00e9guliers entre deux groupes d&rsquo;experts: \u00ab\u00a0Gaz naturel\u00a0\u00bb et \u00ab\u00a0Electricit\u00e9, Energies renouvelables et Efficacit\u00e9 \u00e9nerg\u00e9tique\u00a0\u00bb.<\/p>\n<p>Depuis 2021, l&rsquo;hydrog\u00e8ne vert est devenu \u00ab\u00a0une priorit\u00e9\u00a0\u00bb dans le cadre du dialogue \u00e9nerg\u00e9tique entre l&rsquo;Alg\u00e9rie et l&rsquo;UE, selon ce communiqu\u00e9 commun.<\/p>\n<p>\u00ab\u00a0La r\u00e9gularit\u00e9 de ce dialogue t\u00e9moigne de la volont\u00e9 des deux parties de renforcer leur coop\u00e9ration sur des sujets d&rsquo;int\u00e9r\u00eat commun, notamment les hydrocarbures, les \u00e9nergies nouvelles et renouvelables, l&rsquo;hydrog\u00e8ne vert, la r\u00e9duction des \u00e9missions de gaz \u00e0 effet de serre et le d\u00e9veloppement des interconnexions \u00e9lectriques entre les deux rives\u00a0\u00bb, a-t-on encore soulign\u00e9 de m\u00eame source.<\/p>\n","protected":false},"excerpt":{"rendered":"<p>La rencontre d&rsquo;experts alg\u00e9ro-europ\u00e9ens, organis\u00e9e \u00e0 Alger, sous le th\u00e8me \u00ab\u00a0Vers une \u00e9conomie de l&rsquo;hydrog\u00e8ne vert: strat\u00e9gies, cadres r\u00e8glementaires et projets en cours\u00a0\u00bb, a permis <a href=\"https:\/\/capalgerie.dz\/index.php\/2024\/06\/25\/energie-lalgerie-et-lue-approfondissent-les-echanges-dans-le-domaine-de-lhydrogene-vert\/\" class=\"read-more-link\">Lire&#8230;<\/a><\/p>\n","protected":false},"author":4,"featured_media":2726,"comment_status":"open","ping_status":"open","sticky":false,"template":"","format":"standard","meta":{"_crdt_document":"","om_disable_all_campaigns":false,"_monsterinsights_skip_tracking":false,"_monsterinsights_sitenote_active":false,"_monsterinsights_sitenote_note":"","_monsterinsights_sitenote_category":0,"_uf_show_specific_survey":0,"_uf_disable_surveys":false,"episode_type":"","audio_file":"","podmotor_file_id":"","podmotor_episode_id":"","cover_image":"","cover_image_id":"","duration":"","filesize":"","filesize_raw":"","date_recorded":"","explicit":"","block":"","itunes_episode_number":"","itunes_title":"","itunes_season_number":"","itunes_episode_type":"","footnotes":""},"categories":[200],"tags":[],"class_list":["post-2725","post","type-post","status-publish","format-standard","has-post-thumbnail","hentry","category-economie"],"aioseo_notices":[],"_links":{"self":[{"href":"https:\/\/capalgerie.dz\/index.php\/wp-json\/wp\/v2\/posts\/2725","targetHints":{"allow":["GET"]}}],"collection":[{"href":"https:\/\/capalgerie.dz\/index.php\/wp-json\/wp\/v2\/posts"}],"about":[{"href":"https:\/\/capalgerie.dz\/index.php\/wp-json\/wp\/v2\/types\/post"}],"author":[{"embeddable":true,"href":"https:\/\/capalgerie.dz\/index.php\/wp-json\/wp\/v2\/users\/4"}],"replies":[{"embeddable":true,"href":"https:\/\/capalgerie.dz\/index.php\/wp-json\/wp\/v2\/comments?post=2725"}],"version-history":[{"count":1,"href":"https:\/\/capalgerie.dz\/index.php\/wp-json\/wp\/v2\/posts\/2725\/revisions"}],"predecessor-version":[{"id":2727,"href":"https:\/\/capalgerie.dz\/index.php\/wp-json\/wp\/v2\/posts\/2725\/revisions\/2727"}],"wp:featuredmedia":[{"embeddable":true,"href":"https:\/\/capalgerie.dz\/index.php\/wp-json\/wp\/v2\/media\/2726"}],"wp:attachment":[{"href":"https:\/\/capalgerie.dz\/index.php\/wp-json\/wp\/v2\/media?parent=2725"}],"wp:term":[{"taxonomy":"category","embeddable":true,"href":"https:\/\/capalgerie.dz\/index.php\/wp-json\/wp\/v2\/categories?post=2725"},{"taxonomy":"post_tag","embeddable":true,"href":"https:\/\/capalgerie.dz\/index.php\/wp-json\/wp\/v2\/tags?post=2725"}],"curies":[{"name":"wp","href":"https:\/\/api.w.org\/{rel}","templated":true}]}}