{"id":3029,"date":"2024-07-08T17:26:05","date_gmt":"2024-07-08T16:26:05","guid":{"rendered":"https:\/\/capalgerie.dz\/?p=3029"},"modified":"2024-07-08T17:26:05","modified_gmt":"2024-07-08T16:26:05","slug":"environnement-selection-de-sites-pour-la-realisation-de-4-stations-de-controle-de-la-qualite-de-lair","status":"publish","type":"post","link":"https:\/\/capalgerie.dz\/index.php\/2024\/07\/08\/environnement-selection-de-sites-pour-la-realisation-de-4-stations-de-controle-de-la-qualite-de-lair\/","title":{"rendered":"Environnement: s\u00e9lection de sites pour la r\u00e9alisation de 4 stations de contr\u00f4le de la qualit\u00e9 de l&rsquo;air"},"content":{"rendered":"<p>La ministre de l&rsquo;Environnement et des \u00e9nergies renouvelables, Fazia Dahleb, a indiqu\u00e9, lundi \u00e0 Alger, que des sites d&rsquo;implantation de stations de contr\u00f4le de la qualit\u00e9 de l\u2019air dans la capitale ont \u00e9t\u00e9 s\u00e9lectionn\u00e9s en pr\u00e9vision de la concr\u00e9tisation de ce projet.<\/p>\n<p>Animant un point de presse \u00e0 l&rsquo;issue des travaux d\u2019une journ\u00e9e d&rsquo;\u00e9valuation des acquis de certaines sessions de formations organis\u00e9es au profit des cadres du secteur, Mme Dahleb a pr\u00e9cis\u00e9 que son d\u00e9partement minist\u00e9riel a \u00ab\u00a0choisi les sites d\u2019implantation de quatre stations de contr\u00f4le de la qualit\u00e9 de l\u2019air qui seront concr\u00e9tis\u00e9es dans le cadre d\u2019une coop\u00e9ration avec la Cor\u00e9e du Sud \u00bb.<\/p>\n<p>En parall\u00e8le au choix de sites pour ces stations, une \u00e9quipe de cadres du secteur devant assurer la gestion de ces stations a \u00e9t\u00e9 envoy\u00e9e en formation en Cor\u00e9e du Sud, a ajout\u00e9 la ministre.<\/p>\n<p>Elle a \u00e9galement indiqu\u00e9 qu\u2019un camion mobile de contr\u00f4le de la qualit\u00e9 de l\u2019air est actuellement fonctionnel dans la capitale, avec l\u2019objectif de constituer une banque de donn\u00e9es sur l\u2019\u00e9volution de la qualit\u00e9 de l\u2019air, pour les futures stations.<\/p>\n<p>Abondant dans le m\u00eame sens, Mme Dahleb a soulign\u00e9 que, conform\u00e9ment au m\u00e9morandum d\u2019entente sign\u00e9 entre son d\u00e9partement minist\u00e9riel et la Cor\u00e9e du Sud, un appui financier cor\u00e9en de plus de 5 millions de dollars est accord\u00e9 \u00e0 son secteur pour la r\u00e9alisation de ces stations, relevant que le projet sera \u00e9largi pour cibler d\u2019autres villes du pays.<\/p>\n<p>Evoquant le volet formation dans son secteur, la ministre a soulign\u00e9 le lancement d\u2019une s\u00e9rie de sessions de formation nationales et internationales dans des sp\u00e9cialit\u00e9s techniques et autres administratives au profit de ses cadres dans l\u2019objectif de hisser le rendement du secteur, de d\u00e9velopper les connaissances de ces cadres et de se mettre au diapason de normes internationales dans divers domaines li\u00e9s \u00e0 l\u2019environnement.<\/p>\n<p>Elle a dans ce sens assur\u00e9 que \u00ab\u00a0ces efforts s&rsquo;inscrivent dans le cadre de l\u2019am\u00e9lioration du cadre de vie de qualit\u00e9 des citoyens, le 33eme engagement du Pr\u00e9sident de la R\u00e9publique, M. Abdelmadjid Tebboune, dans lequel il a soulign\u00e9 la n\u00e9cessit\u00e9 d&rsquo;\u0153uvrer \u00e0 assurer un cadre de vie de qualit\u00e9 qui requiert le d\u00e9veloppement durable, la pr\u00e9servation de l&rsquo;environnement et la protection des richesses que rec\u00e8le notre pays\u00a0\u00bb.<\/p>\n<p>Chiffres \u00e0 l&rsquo;appui, Mme Dahleb a indiqu\u00e9 que 125 cadres contr\u00f4leurs des \u00e9tablissements class\u00e9s, sur 274, ont \u00e9t\u00e9 form\u00e9s sur les techniques requises dans ce chapitre, ajoutant que 20 cadres formateurs parmi cette \u00e9quipe sont charg\u00e9s d\u2019assurer des cycles de formation en interne.<\/p>\n<p>Dans le domaine de la gestion des d\u00e9chets, 26 cadres centraux et locaux ont b\u00e9n\u00e9fici\u00e9 d\u2019une formation en Chine, au Japon et en Cor\u00e9e du Sud, outre les formations locales en partenariat avec la Soci\u00e9t\u00e9 allemande pour la coop\u00e9ration internationale (GIZ). APS<\/p>\n","protected":false},"excerpt":{"rendered":"<p>La ministre de l&rsquo;Environnement et des \u00e9nergies renouvelables, Fazia Dahleb, a indiqu\u00e9, lundi \u00e0 Alger, que des sites d&rsquo;implantation de stations de contr\u00f4le de la <a href=\"https:\/\/capalgerie.dz\/index.php\/2024\/07\/08\/environnement-selection-de-sites-pour-la-realisation-de-4-stations-de-controle-de-la-qualite-de-lair\/\" class=\"read-more-link\">Lire&#8230;<\/a><\/p>\n","protected":false},"author":4,"featured_media":3030,"comment_status":"open","ping_status":"open","sticky":false,"template":"","format":"standard","meta":{"_crdt_document":"","om_disable_all_campaigns":false,"_monsterinsights_skip_tracking":false,"_monsterinsights_sitenote_active":false,"_monsterinsights_sitenote_note":"","_monsterinsights_sitenote_category":0,"_uf_show_specific_survey":0,"_uf_disable_surveys":false,"episode_type":"","audio_file":"","podmotor_file_id":"","podmotor_episode_id":"","cover_image":"","cover_image_id":"","duration":"","filesize":"","filesize_raw":"","date_recorded":"","explicit":"","block":"","itunes_episode_number":"","itunes_title":"","itunes_season_number":"","itunes_episode_type":"","footnotes":""},"categories":[198],"tags":[],"class_list":["post-3029","post","type-post","status-publish","format-standard","has-post-thumbnail","hentry","category-actualite"],"aioseo_notices":[],"_links":{"self":[{"href":"https:\/\/capalgerie.dz\/index.php\/wp-json\/wp\/v2\/posts\/3029","targetHints":{"allow":["GET"]}}],"collection":[{"href":"https:\/\/capalgerie.dz\/index.php\/wp-json\/wp\/v2\/posts"}],"about":[{"href":"https:\/\/capalgerie.dz\/index.php\/wp-json\/wp\/v2\/types\/post"}],"author":[{"embeddable":true,"href":"https:\/\/capalgerie.dz\/index.php\/wp-json\/wp\/v2\/users\/4"}],"replies":[{"embeddable":true,"href":"https:\/\/capalgerie.dz\/index.php\/wp-json\/wp\/v2\/comments?post=3029"}],"version-history":[{"count":1,"href":"https:\/\/capalgerie.dz\/index.php\/wp-json\/wp\/v2\/posts\/3029\/revisions"}],"predecessor-version":[{"id":3031,"href":"https:\/\/capalgerie.dz\/index.php\/wp-json\/wp\/v2\/posts\/3029\/revisions\/3031"}],"wp:featuredmedia":[{"embeddable":true,"href":"https:\/\/capalgerie.dz\/index.php\/wp-json\/wp\/v2\/media\/3030"}],"wp:attachment":[{"href":"https:\/\/capalgerie.dz\/index.php\/wp-json\/wp\/v2\/media?parent=3029"}],"wp:term":[{"taxonomy":"category","embeddable":true,"href":"https:\/\/capalgerie.dz\/index.php\/wp-json\/wp\/v2\/categories?post=3029"},{"taxonomy":"post_tag","embeddable":true,"href":"https:\/\/capalgerie.dz\/index.php\/wp-json\/wp\/v2\/tags?post=3029"}],"curies":[{"name":"wp","href":"https:\/\/api.w.org\/{rel}","templated":true}]}}