{"id":3102,"date":"2024-07-11T21:04:11","date_gmt":"2024-07-11T20:04:11","guid":{"rendered":"https:\/\/capalgerie.dz\/?p=3102"},"modified":"2024-07-11T21:27:45","modified_gmt":"2024-07-11T20:27:45","slug":"tebboune-brigue-un-second-mandat-bilan-et-perspectives-pour-lalgerie-video","status":"publish","type":"post","link":"https:\/\/capalgerie.dz\/index.php\/2024\/07\/11\/tebboune-brigue-un-second-mandat-bilan-et-perspectives-pour-lalgerie-video\/","title":{"rendered":"Tebboune brigue un second mandat : Bilan et perspectives pour l&rsquo;Alg\u00e9rie (video)"},"content":{"rendered":"<p>Le Pr\u00e9sident Abdelmadjid Tebboune a officiellement annonc\u00e9 sa candidature pour un second mandat lors de son entrevue p\u00e9riodique avec les m\u00e9dias nationaux. Cette d\u00e9cision intervient apr\u00e8s un premier mandat marqu\u00e9 par des r\u00e9formes \u00e9conomiques et politiques significatives.<br \/>\n<em>\u00ab\u00a0\u00c0 la demande de plusieurs partis, organisations et de la jeunesse, je me pr\u00e9sente pour un deuxi\u00e8me mandat comme le permet la Constitution. Le dernier mot reviendra au peuple alg\u00e9rien,\u00a0\u00bb<\/em> a d\u00e9clar\u00e9 le Pr\u00e9sident Tebboune.<\/p>\n<p>Se refusant de dresser le bilan de ses actions eu \u00e9gard \u00e0 son nouveau statut de candidat, Tebboune a prefer\u00e9 laisser la t\u00e2che \u00e0 qui de droit, c&rsquo;est \u00e0 dire aux citoyens et aux medias.<br \/>\nA propos de ce bilan du premier mandat, il est bon de rappeler quelques acquis obtenus durant sa premiere mandature qui viendra \u00e0 termes d\u00e8s le 7 septembre 2024.<br \/>\nOn peut citer le redressement \u00e9conomique qu&rsquo;a connu le pays<br \/>\ndont \u00ab\u00a0les recettes de l&rsquo;\u00c9tat ont augment\u00e9 et la saign\u00e9e du Tr\u00e9sor rel\u00e8ve du pass\u00e9,\u00a0\u00bb comme l&rsquo;a soulign\u00e9 le Pr\u00e9sident qui a \u00e9voqu\u00e9 la r\u00e9cup\u00e9ration de milliards de dollars de fonds d\u00e9tourn\u00e9s.<br \/>\nA propos du renforcement de l&rsquo;\u00c9tat de droit, le Pr\u00e9sident Tebboune a affirm\u00e9 que \u00ab\u00a0le citoyen alg\u00e9rien jouit aujourd&rsquo;hui de tous ses droits et accomplit ses devoirs.\u00a0\u00bb En matiere de lutte contre la corruption, des efforts importants ont \u00e9t\u00e9 d\u00e9ploy\u00e9s pour assainir la gestion des affaires publiques. Un rappel des actions men\u00e9es durant le premier mandat du Pr\u00e9sident Abdelmadjid Tebboune permettent, selon des experts, de dresser un bilan \u00e9conomique positif et cela en d\u00e9pit des d\u00e9fis pos\u00e9s par la pand\u00e9mie de Covid-19 et la guerre en Ukraine. Les principales r\u00e9alisations sont la croissance \u00e9conomique enregistr\u00e9e durant ce premier mandat notamment l&rsquo;augmentation significative du PIB en 2023, la diversification de l&rsquo;\u00e9conomie \u00e0 l&rsquo;instar de la promotion de l&rsquo;\u00e9conomie num\u00e9rique et du soutien aux startups, de la r\u00e9forme du syst\u00e8me bancaire, de la relance des grands chantiers d&rsquo;infrastructure tels que le rail, les mines, le dessalement d&rsquo;eau de mer, les projets de zones franches ainsi que les routes reliant l&rsquo;Algerie \u00e0 l&rsquo;Afrique \u00e0 l&rsquo;exemple de la route reliant Tindouf \u00e0 Zouirate en Mauritanie et enfin le d\u00e9veloppement de l&rsquo;agriculture, l&rsquo;industrie. Il est aussi \u00e0 rappeler l&rsquo;am\u00e9lioration du cadre des investissements avec de nouvelles incitations fiscales tel que la suppression de la TAP et la mise en place d&rsquo;un cadre r\u00e9glementaire plus favorable aux investissements \u00e9trangers. Il faut aussi rappeler le r\u00e9\u00e9quilibrage de la balance commerciale par la r\u00e9gulation strat\u00e9gique des importations et l&rsquo;augmentation des exportations hors hydraucarbures ainsi que l&#8217;emergence d&rsquo;un tissu productif local plus performant. Il faut \u00e9galement noter qu&rsquo;en matiere de lutte contre l&rsquo;inflation par la mise en place de m\u00e9canismes pour contenir l&rsquo;inflation \u00e0 7-8% en 2023. Des mesures ont ete prises pour la protection du pouvoir d&rsquo;achat et les m\u00e9canismes de regulation du march\u00e9 pour maitriser les prix.<br \/>\n S&rsquo;agissant de la politique mon\u00e9taire adapt\u00e9e et des hausses des salaires, le citoyen algerien a connu une augmentation du niveau de vie par une hausse du PIB par habitant de 34% entre 2020 et 2023, l&rsquo;augmentation des salaires des fonctionnaires, des pensions de retraite et des minimas sociaux. Des efforts ont \u00e9t\u00e9 consentis pour l&#8217;emploi des jeunes notamment par la cr\u00e9ation du statut d&rsquo;auto-entrepreneur ainsi que le renforcement des liens entre universit\u00e9s et les entreprises. Sur le plan diplomatique, l&rsquo;Algerie a connu un rayonnement international reussissant \u00e0 consolider sa position sur la sc\u00e8ne internationale et l&rsquo;organisation d&rsquo;\u00e9v\u00e9nements majeurs \u00e0 l&rsquo;instar du Sommet du Gaz et du Sommet Arabe \u00e0 Alger.<br \/>\nCes r\u00e9alisations placent l&rsquo;Alg\u00e9rie sur une trajectoire de croissance prometteuse, avec l&rsquo;ambition de devenir l&rsquo;une des premi\u00e8res \u00e9conomies africaines \u00e0 l&rsquo;horizon 2030.<\/p>\n<p><iframe loading=\"lazy\" title=\"\u0631\u0626\u064a\u0633 \u0627\u0644\u062c\u0645\u0647\u0648\u0631\u064a\u0629 \u064a\u064f\u0639\u0644\u0646 \u0639\u0646 \u0646\u064a\u062a\u0647 \u0627\u0644\u062a\u0631\u0634\u062d \u0644\u0639\u0647\u062f\u0629 \u062b\u0627\u0646\u064a\u0629\" width=\"640\" height=\"360\" src=\"https:\/\/www.youtube.com\/embed\/EV6RcNr6xiE?feature=oembed\" frameborder=\"0\" allow=\"accelerometer; autoplay; clipboard-write; encrypted-media; gyroscope; picture-in-picture; web-share\" referrerpolicy=\"strict-origin-when-cross-origin\" allowfullscreen><\/iframe><\/p>\n","protected":false},"excerpt":{"rendered":"<p>Le Pr\u00e9sident Abdelmadjid Tebboune a officiellement annonc\u00e9 sa candidature pour un second mandat lors de son entrevue p\u00e9riodique avec les m\u00e9dias nationaux. Cette d\u00e9cision intervient <a href=\"https:\/\/capalgerie.dz\/index.php\/2024\/07\/11\/tebboune-brigue-un-second-mandat-bilan-et-perspectives-pour-lalgerie-video\/\" class=\"read-more-link\">Lire&#8230;<\/a><\/p>\n","protected":false},"author":2,"featured_media":3103,"comment_status":"open","ping_status":"open","sticky":false,"template":"","format":"standard","meta":{"_crdt_document":"","om_disable_all_campaigns":false,"_monsterinsights_skip_tracking":false,"_monsterinsights_sitenote_active":false,"_monsterinsights_sitenote_note":"","_monsterinsights_sitenote_category":0,"_uf_show_specific_survey":0,"_uf_disable_surveys":false,"episode_type":"","audio_file":"","podmotor_file_id":"","podmotor_episode_id":"","cover_image":"","cover_image_id":"","duration":"","filesize":"","filesize_raw":"","date_recorded":"","explicit":"","block":"","itunes_episode_number":"","itunes_title":"","itunes_season_number":"","itunes_episode_type":"","footnotes":""},"categories":[258,198],"tags":[],"class_list":["post-3102","post","type-post","status-publish","format-standard","has-post-thumbnail","hentry","category-alaune","category-actualite"],"aioseo_notices":[],"_links":{"self":[{"href":"https:\/\/capalgerie.dz\/index.php\/wp-json\/wp\/v2\/posts\/3102","targetHints":{"allow":["GET"]}}],"collection":[{"href":"https:\/\/capalgerie.dz\/index.php\/wp-json\/wp\/v2\/posts"}],"about":[{"href":"https:\/\/capalgerie.dz\/index.php\/wp-json\/wp\/v2\/types\/post"}],"author":[{"embeddable":true,"href":"https:\/\/capalgerie.dz\/index.php\/wp-json\/wp\/v2\/users\/2"}],"replies":[{"embeddable":true,"href":"https:\/\/capalgerie.dz\/index.php\/wp-json\/wp\/v2\/comments?post=3102"}],"version-history":[{"count":4,"href":"https:\/\/capalgerie.dz\/index.php\/wp-json\/wp\/v2\/posts\/3102\/revisions"}],"predecessor-version":[{"id":3105,"href":"https:\/\/capalgerie.dz\/index.php\/wp-json\/wp\/v2\/posts\/3102\/revisions\/3105"}],"wp:featuredmedia":[{"embeddable":true,"href":"https:\/\/capalgerie.dz\/index.php\/wp-json\/wp\/v2\/media\/3103"}],"wp:attachment":[{"href":"https:\/\/capalgerie.dz\/index.php\/wp-json\/wp\/v2\/media?parent=3102"}],"wp:term":[{"taxonomy":"category","embeddable":true,"href":"https:\/\/capalgerie.dz\/index.php\/wp-json\/wp\/v2\/categories?post=3102"},{"taxonomy":"post_tag","embeddable":true,"href":"https:\/\/capalgerie.dz\/index.php\/wp-json\/wp\/v2\/tags?post=3102"}],"curies":[{"name":"wp","href":"https:\/\/api.w.org\/{rel}","templated":true}]}}