{"id":3271,"date":"2024-07-11T16:08:00","date_gmt":"2024-07-11T15:08:00","guid":{"rendered":"https:\/\/capalgerie.dz\/?p=3271"},"modified":"2024-07-15T21:10:42","modified_gmt":"2024-07-15T20:10:42","slug":"le-president-de-la-republique-annonce-son-intention-de-se-presenter-pour-un-deuxieme-mandat","status":"publish","type":"post","link":"https:\/\/capalgerie.dz\/index.php\/2024\/07\/11\/le-president-de-la-republique-annonce-son-intention-de-se-presenter-pour-un-deuxieme-mandat\/","title":{"rendered":"Le Pr\u00e9sident de la R\u00e9publique annonce son intention de se pr\u00e9senter pour un deuxi\u00e8me mandat"},"content":{"rendered":"<p>Le Pr\u00e9sident de la R\u00e9publique, M. Abdelmadjid Tebboune, annonce son intention de se pr\u00e9senter pour un deuxi\u00e8me mandat, \u00e0 l&rsquo;occasion lors de son entrevue p\u00e9riodique avec les m\u00e9dias nationaux.<\/p>\n<p>\u00ab\u00a0A la demande de plusieurs partis et organisations politiques et non politiques et de la jeunesse, je pense que le moment est venu d&rsquo;annoncer que je me pr\u00e9sente pour un deuxi\u00e8me mandat comme le permet la Constitution et c&rsquo;est au peuple alg\u00e9rien que reviendra le dernier mot\u00a0\u00bb, a affirm\u00e9 le pr\u00e9sident de la R\u00e9publique dans des extraits de son entrevue m\u00e9diatique p\u00e9riodique diffus\u00e9s jeudi.<\/p>\n<p>\u00ab\u00a0Toutes les victoires r\u00e9alis\u00e9es sont celles du peuple alg\u00e9rien et non les miennes\u00a0\u00bb, a dit le pr\u00e9sident de la R\u00e9publique, ajoutant qu&rsquo; \u00ab\u00a0il est de notori\u00e9t\u00e9 publique que les recettes de l&rsquo;Etat ont augment\u00e9, que la saign\u00e9e du Tr\u00e9sor rel\u00e8ve du pass\u00e9 et que l&rsquo;Alg\u00e9rie a r\u00e9cup\u00e9r\u00e9 les fonds dilapid\u00e9s qu&rsquo;elle pouvait r\u00e9cup\u00e9rer et estim\u00e9s en milliards de dollars\u00a0\u00bb.<\/p>\n<p>Le pr\u00e9sident de la R\u00e9publique a rappel\u00e9, dans ce contexte, que \u00ab\u00a0le citoyen alg\u00e9rien aujourd&rsquo;hui jouit de tous ses droits et accomplit ses devoirs\u00a0\u00bb.<\/p>\n","protected":false},"excerpt":{"rendered":"<p>Le Pr\u00e9sident de la R\u00e9publique, M. Abdelmadjid Tebboune, annonce son intention de se pr\u00e9senter pour un deuxi\u00e8me mandat, \u00e0 l&rsquo;occasion lors de son entrevue p\u00e9riodique <a href=\"https:\/\/capalgerie.dz\/index.php\/2024\/07\/11\/le-president-de-la-republique-annonce-son-intention-de-se-presenter-pour-un-deuxieme-mandat\/\" class=\"read-more-link\">Lire&#8230;<\/a><\/p>\n","protected":false},"author":4,"featured_media":3103,"comment_status":"open","ping_status":"open","sticky":false,"template":"","format":"standard","meta":{"_crdt_document":"","om_disable_all_campaigns":false,"_monsterinsights_skip_tracking":false,"_monsterinsights_sitenote_active":false,"_monsterinsights_sitenote_note":"","_monsterinsights_sitenote_category":0,"_uf_show_specific_survey":0,"_uf_disable_surveys":false,"episode_type":"","audio_file":"","podmotor_file_id":"","podmotor_episode_id":"","cover_image":"","cover_image_id":"","duration":"","filesize":"","filesize_raw":"","date_recorded":"","explicit":"","block":"","itunes_episode_number":"","itunes_title":"","itunes_season_number":"","itunes_episode_type":"","footnotes":""},"categories":[260],"tags":[],"class_list":["post-3271","post","type-post","status-publish","format-standard","has-post-thumbnail","hentry","category-presidentielle-2024"],"aioseo_notices":[],"_links":{"self":[{"href":"https:\/\/capalgerie.dz\/index.php\/wp-json\/wp\/v2\/posts\/3271","targetHints":{"allow":["GET"]}}],"collection":[{"href":"https:\/\/capalgerie.dz\/index.php\/wp-json\/wp\/v2\/posts"}],"about":[{"href":"https:\/\/capalgerie.dz\/index.php\/wp-json\/wp\/v2\/types\/post"}],"author":[{"embeddable":true,"href":"https:\/\/capalgerie.dz\/index.php\/wp-json\/wp\/v2\/users\/4"}],"replies":[{"embeddable":true,"href":"https:\/\/capalgerie.dz\/index.php\/wp-json\/wp\/v2\/comments?post=3271"}],"version-history":[{"count":1,"href":"https:\/\/capalgerie.dz\/index.php\/wp-json\/wp\/v2\/posts\/3271\/revisions"}],"predecessor-version":[{"id":3272,"href":"https:\/\/capalgerie.dz\/index.php\/wp-json\/wp\/v2\/posts\/3271\/revisions\/3272"}],"wp:featuredmedia":[{"embeddable":true,"href":"https:\/\/capalgerie.dz\/index.php\/wp-json\/wp\/v2\/media\/3103"}],"wp:attachment":[{"href":"https:\/\/capalgerie.dz\/index.php\/wp-json\/wp\/v2\/media?parent=3271"}],"wp:term":[{"taxonomy":"category","embeddable":true,"href":"https:\/\/capalgerie.dz\/index.php\/wp-json\/wp\/v2\/categories?post=3271"},{"taxonomy":"post_tag","embeddable":true,"href":"https:\/\/capalgerie.dz\/index.php\/wp-json\/wp\/v2\/tags?post=3271"}],"curies":[{"name":"wp","href":"https:\/\/api.w.org\/{rel}","templated":true}]}}