{"id":3509,"date":"2024-07-19T19:14:53","date_gmt":"2024-07-19T18:14:53","guid":{"rendered":"https:\/\/capalgerie.dz\/?p=3509"},"modified":"2024-07-19T19:14:53","modified_gmt":"2024-07-19T18:14:53","slug":"le-pretendant-a-la-candidature-amar-chekar-depose-son-dossier","status":"publish","type":"post","link":"https:\/\/capalgerie.dz\/index.php\/2024\/07\/19\/le-pretendant-a-la-candidature-amar-chekar-depose-son-dossier\/","title":{"rendered":"le pr\u00e9tendant \u00e0 la candidature Amar Chekar d\u00e9pose son dossier"},"content":{"rendered":"<p>Le pr\u00e9tendant \u00e0 la candidature, M. Amar Chekar, a d\u00e9pos\u00e9, jeudi au si\u00e8ge de l&rsquo;Autorit\u00e9 nationale ind\u00e9pendante des \u00e9lections (ANIE) au Palais des nations (Alger), son dossier de d\u00e9claration de candidature \u00e0 la Pr\u00e9sidentielle du 7 septembre prochain.<\/p>\n<p>Dans une d\u00e9claration \u00e0 la presse apr\u00e8s le d\u00e9p\u00f4t de son dossier, M. Chekar a soulign\u00e9 la n\u00e9cessit\u00e9 de faire de la prochaine Pr\u00e9sidentielle \u00ab\u00a0une \u00e9tape pour le renforcement de la stabilit\u00e9 du pays, la consolidation des institutions et la cr\u00e9ation d\u2019une dynamique \u00e9conomique g\u00e9n\u00e9ratrice d\u2019emplois\u00a0\u00bb. APS<\/p>\n","protected":false},"excerpt":{"rendered":"<p>Le pr\u00e9tendant \u00e0 la candidature, M. Amar Chekar, a d\u00e9pos\u00e9, jeudi au si\u00e8ge de l&rsquo;Autorit\u00e9 nationale ind\u00e9pendante des \u00e9lections (ANIE) au Palais des nations (Alger), <a href=\"https:\/\/capalgerie.dz\/index.php\/2024\/07\/19\/le-pretendant-a-la-candidature-amar-chekar-depose-son-dossier\/\" class=\"read-more-link\">Lire&#8230;<\/a><\/p>\n","protected":false},"author":4,"featured_media":3510,"comment_status":"open","ping_status":"open","sticky":false,"template":"","format":"standard","meta":{"_crdt_document":"","om_disable_all_campaigns":false,"_monsterinsights_skip_tracking":false,"_monsterinsights_sitenote_active":false,"_monsterinsights_sitenote_note":"","_monsterinsights_sitenote_category":0,"_uf_show_specific_survey":0,"_uf_disable_surveys":false,"episode_type":"","audio_file":"","podmotor_file_id":"","podmotor_episode_id":"","cover_image":"","cover_image_id":"","duration":"","filesize":"","filesize_raw":"","date_recorded":"","explicit":"","block":"","itunes_episode_number":"","itunes_title":"","itunes_season_number":"","itunes_episode_type":"","footnotes":""},"categories":[260],"tags":[],"class_list":["post-3509","post","type-post","status-publish","format-standard","has-post-thumbnail","hentry","category-presidentielle-2024"],"aioseo_notices":[],"_links":{"self":[{"href":"https:\/\/capalgerie.dz\/index.php\/wp-json\/wp\/v2\/posts\/3509","targetHints":{"allow":["GET"]}}],"collection":[{"href":"https:\/\/capalgerie.dz\/index.php\/wp-json\/wp\/v2\/posts"}],"about":[{"href":"https:\/\/capalgerie.dz\/index.php\/wp-json\/wp\/v2\/types\/post"}],"author":[{"embeddable":true,"href":"https:\/\/capalgerie.dz\/index.php\/wp-json\/wp\/v2\/users\/4"}],"replies":[{"embeddable":true,"href":"https:\/\/capalgerie.dz\/index.php\/wp-json\/wp\/v2\/comments?post=3509"}],"version-history":[{"count":1,"href":"https:\/\/capalgerie.dz\/index.php\/wp-json\/wp\/v2\/posts\/3509\/revisions"}],"predecessor-version":[{"id":3511,"href":"https:\/\/capalgerie.dz\/index.php\/wp-json\/wp\/v2\/posts\/3509\/revisions\/3511"}],"wp:featuredmedia":[{"embeddable":true,"href":"https:\/\/capalgerie.dz\/index.php\/wp-json\/wp\/v2\/media\/3510"}],"wp:attachment":[{"href":"https:\/\/capalgerie.dz\/index.php\/wp-json\/wp\/v2\/media?parent=3509"}],"wp:term":[{"taxonomy":"category","embeddable":true,"href":"https:\/\/capalgerie.dz\/index.php\/wp-json\/wp\/v2\/categories?post=3509"},{"taxonomy":"post_tag","embeddable":true,"href":"https:\/\/capalgerie.dz\/index.php\/wp-json\/wp\/v2\/tags?post=3509"}],"curies":[{"name":"wp","href":"https:\/\/api.w.org\/{rel}","templated":true}]}}