{"id":3623,"date":"2024-07-22T12:47:20","date_gmt":"2024-07-22T11:47:20","guid":{"rendered":"https:\/\/capalgerie.dz\/?p=3623"},"modified":"2024-07-22T12:47:20","modified_gmt":"2024-07-22T11:47:20","slug":"lalgerie-renforce-son-role-de-locomotive-economique-en-afrique","status":"publish","type":"post","link":"https:\/\/capalgerie.dz\/index.php\/2024\/07\/22\/lalgerie-renforce-son-role-de-locomotive-economique-en-afrique\/","title":{"rendered":"L&rsquo;Alg\u00e9rie renforce son r\u00f4le de locomotive \u00e9conomique en Afrique"},"content":{"rendered":"<p>L&rsquo;Alg\u00e9rie franchit une nouvelle \u00e9tape dans sa strat\u00e9gie de consolidation de sa pr\u00e9sence \u00e9conomique en Afrique. Le pays vient de signer une convention pour l&rsquo;organisation de la 4e \u00e9dition de la Foire commerciale intra-africaine (IATF) en septembre 2025 \u00e0 Alger, un \u00e9v\u00e9nement majeur pour l&rsquo;int\u00e9gration \u00e9conomique du continent.<\/p>\n<p>C&rsquo;est en novembre 2023 que le dossier alg\u00e9rien a \u00e9t\u00e9 retenu pour accueillir l&rsquo;IATF 2025, apr\u00e8s une \u00e9valuation positive de ses infrastructures par la Commission de l&rsquo;Union africaine en juin de la m\u00eame ann\u00e9e. Cette d\u00e9cision t\u00e9moigne de la confiance accord\u00e9e \u00e0 l&rsquo;Alg\u00e9rie et \u00e0 ses capacit\u00e9s d&rsquo;organisation.<\/p>\n<p>Le 22 juillet 2024, le Premier ministre Nadir Larbaoui a pr\u00e9sid\u00e9 la c\u00e9r\u00e9monie de signature de la convention d&rsquo;organisation de l&rsquo;IATF 2025. Cet accord, conclu entre le gouvernement alg\u00e9rien et la Banque africaine d&rsquo;import-export (Afreximbank), marque une \u00e9tape cruciale dans la concr\u00e9tisation de cet \u00e9v\u00e9nement d&rsquo;envergure continentale.<\/p>\n<p>Le ministre du Commerce, Tayeb Zitouni, a, de son cot\u00e9, soulign\u00e9 que l&rsquo;accueil de l&rsquo;IATF s&rsquo;inscrit dans la strat\u00e9gie du Pr\u00e9sident Abdelmadjid Tebboune visant \u00e0 renforcer l&rsquo;int\u00e9gration africaine. L&rsquo;Alg\u00e9rie a d\u00e9j\u00e0 entrepris plusieurs actions concr\u00e8tes dans ce sens dont l\u2019ouverture de banques et de foires alg\u00e9riennes permanentes dans plusieurs pays africains en 2023, la cr\u00e9ation de zones franches \u00e0 dimension africaine et le d\u00e9veloppement d&rsquo;infrastructures de transport, notamment la Route de l&rsquo;unit\u00e9 africaine reliant Alger \u00e0 Lagos et la route Tindouf-Zouerate vers la Mauritanie.<\/p>\n<p>Forte de sa position g\u00e9ographique strat\u00e9gique, l&rsquo;Alg\u00e9rie ambitionne de devenir un v\u00e9ritable carrefour \u00e9conomique entre l&rsquo;Afrique, l&rsquo;Europe et l&rsquo;Asie. Les projets d&rsquo;infrastructure en cours, comme l&rsquo;extension des r\u00e9seaux routier et ferroviaire  visent \u00e0 relier les ports alg\u00e9riens \u00e0 la profondeur africaine, favorisant ainsi les \u00e9changes commerciaux intra-africains.<br \/>\nL&rsquo;IATF 2025, qui se tiendra du 4 au 10 septembre au Palais des expositions d&rsquo;Alger, promet d&rsquo;\u00eatre un \u00e9v\u00e9nement phare pour l&rsquo;\u00e9conomie africaine. Au programme une exposition commerciale, un forum sur l&rsquo;investissement, une foire des industries cr\u00e9atives et culturelles, ainsi que des rencontres d&rsquo;affaires entre entrepreneurs du continent.<\/p>\n<p>L&rsquo;Association nationale des commer\u00e7ants et artisans alg\u00e9riens (ANCA) a appel\u00e9 les op\u00e9rateurs \u00e9conomiques \u00e0 saisir cette opportunit\u00e9 pour promouvoir les produits locaux et accro\u00eetre leur pr\u00e9sence sur le march\u00e9 africain.<br \/>\nLe ministre du Commerce Zitouni a rappel\u00e9 l&rsquo;engagement de longue date de l&rsquo;Alg\u00e9rie envers le continent africain, soulignant que le pays a mobilis\u00e9 ses ressources pendant des d\u00e9cennies pour soutenir de nombreux pays africains. Aujourd&rsquo;hui, l&rsquo;Alg\u00e9rie entend jouer un r\u00f4le moteur dans le d\u00e9veloppement \u00e9conomique du continent, tout en contribuant \u00e0 la paix et \u00e0 la stabilit\u00e9 par le biais de l&rsquo;int\u00e9gration \u00e9conomique.<\/p>\n<p>Avec des exportations vers l&rsquo;Afrique s&rsquo;\u00e9levant \u00e0 2,7 milliards de dollars, dont 650 millions hors hydrocarbures, l&rsquo;Alg\u00e9rie d\u00e9montre sa volont\u00e9 de diversifier son \u00e9conomie et de renforcer ses liens commerciaux avec ses partenaires africains.<\/p>\n<p>L&rsquo;organisation de l&rsquo;IATF 2025 \u00e0 Alger marque ainsi une nouvelle \u00e9tape dans l&rsquo;affirmation du r\u00f4le de l&rsquo;Alg\u00e9rie comme acteur \u00e9conomique majeur en Afrique, participant activement \u00e0 la construction d&rsquo;un avenir prosp\u00e8re pour le continent. <strong>R.E<\/strong><\/p>\n","protected":false},"excerpt":{"rendered":"<p>L&rsquo;Alg\u00e9rie franchit une nouvelle \u00e9tape dans sa strat\u00e9gie de consolidation de sa pr\u00e9sence \u00e9conomique en Afrique. Le pays vient de signer une convention pour l&rsquo;organisation <a href=\"https:\/\/capalgerie.dz\/index.php\/2024\/07\/22\/lalgerie-renforce-son-role-de-locomotive-economique-en-afrique\/\" class=\"read-more-link\">Lire&#8230;<\/a><\/p>\n","protected":false},"author":4,"featured_media":3624,"comment_status":"open","ping_status":"open","sticky":false,"template":"","format":"standard","meta":{"_crdt_document":"","om_disable_all_campaigns":false,"_monsterinsights_skip_tracking":false,"_monsterinsights_sitenote_active":false,"_monsterinsights_sitenote_note":"","_monsterinsights_sitenote_category":0,"_uf_show_specific_survey":0,"_uf_disable_surveys":false,"episode_type":"","audio_file":"","podmotor_file_id":"","podmotor_episode_id":"","cover_image":"","cover_image_id":"","duration":"","filesize":"","filesize_raw":"","date_recorded":"","explicit":"","block":"","itunes_episode_number":"","itunes_title":"","itunes_season_number":"","itunes_episode_type":"","footnotes":""},"categories":[258,257],"tags":[],"class_list":["post-3623","post","type-post","status-publish","format-standard","has-post-thumbnail","hentry","category-alaune","category-afrique"],"aioseo_notices":[],"_links":{"self":[{"href":"https:\/\/capalgerie.dz\/index.php\/wp-json\/wp\/v2\/posts\/3623","targetHints":{"allow":["GET"]}}],"collection":[{"href":"https:\/\/capalgerie.dz\/index.php\/wp-json\/wp\/v2\/posts"}],"about":[{"href":"https:\/\/capalgerie.dz\/index.php\/wp-json\/wp\/v2\/types\/post"}],"author":[{"embeddable":true,"href":"https:\/\/capalgerie.dz\/index.php\/wp-json\/wp\/v2\/users\/4"}],"replies":[{"embeddable":true,"href":"https:\/\/capalgerie.dz\/index.php\/wp-json\/wp\/v2\/comments?post=3623"}],"version-history":[{"count":1,"href":"https:\/\/capalgerie.dz\/index.php\/wp-json\/wp\/v2\/posts\/3623\/revisions"}],"predecessor-version":[{"id":3625,"href":"https:\/\/capalgerie.dz\/index.php\/wp-json\/wp\/v2\/posts\/3623\/revisions\/3625"}],"wp:featuredmedia":[{"embeddable":true,"href":"https:\/\/capalgerie.dz\/index.php\/wp-json\/wp\/v2\/media\/3624"}],"wp:attachment":[{"href":"https:\/\/capalgerie.dz\/index.php\/wp-json\/wp\/v2\/media?parent=3623"}],"wp:term":[{"taxonomy":"category","embeddable":true,"href":"https:\/\/capalgerie.dz\/index.php\/wp-json\/wp\/v2\/categories?post=3623"},{"taxonomy":"post_tag","embeddable":true,"href":"https:\/\/capalgerie.dz\/index.php\/wp-json\/wp\/v2\/tags?post=3623"}],"curies":[{"name":"wp","href":"https:\/\/api.w.org\/{rel}","templated":true}]}}