{"id":3678,"date":"2024-07-23T16:00:25","date_gmt":"2024-07-23T15:00:25","guid":{"rendered":"https:\/\/capalgerie.dz\/?p=3678"},"modified":"2024-07-23T16:00:25","modified_gmt":"2024-07-23T15:00:25","slug":"lalgerie-reaffirme-son-engagement-envers-la-paix-et-la-cooperation-en-afrique","status":"publish","type":"post","link":"https:\/\/capalgerie.dz\/index.php\/2024\/07\/23\/lalgerie-reaffirme-son-engagement-envers-la-paix-et-la-cooperation-en-afrique\/","title":{"rendered":"L&rsquo;Alg\u00e9rie r\u00e9affirme son engagement envers la paix et la coop\u00e9ration en Afrique"},"content":{"rendered":"<p>Le ministre des Affaires \u00e9trang\u00e8res, Ahmed Attaf, a soulign\u00e9 ce mardi l&rsquo;engagement de l&rsquo;Alg\u00e9rie, sous la direction du Pr\u00e9sident Abdelmadjid Tebboune, \u00e0 promouvoir le travail collectif africain pour la pr\u00e9vention et la r\u00e9solution des conflits sur le continent. Cette d\u00e9claration a \u00e9t\u00e9 faite lors de l&rsquo;ouverture d&rsquo;un colloque international sur la R\u00e9volution alg\u00e9rienne et ses dimensions africaines.<\/p>\n<p>Dans un discours lu par Abdelhamid Ahmed Khodja, inspecteur g\u00e9n\u00e9ral au minist\u00e8re, M. Attaf a mis en avant la fid\u00e9lit\u00e9 de l&rsquo;Alg\u00e9rie \u00e0 son identit\u00e9 africaine, illustr\u00e9e par son soutien ind\u00e9fectible aux causes justes du continent. Il a affirm\u00e9 que l&rsquo;Alg\u00e9rie d\u00e9fend ces causes \u00e0 tous les niveaux pour r\u00e9aliser une renaissance compl\u00e8te et int\u00e9gr\u00e9e, impliquant les talents et les efforts de tous les Africains afin d&rsquo;\u00e9lever le continent \u00e0 des sommets de d\u00e9veloppement.<\/p>\n<p>Le ministre a \u00e9galement soulign\u00e9 que \u00ab la fid\u00e9lit\u00e9 est une valeur fondamentale de l&rsquo;Alg\u00e9rie, tant pour sa direction que pour son peuple \u00bb, en particulier envers ceux qui ont soutenu sa lutte pour l&rsquo;ind\u00e9pendance. Il a insist\u00e9 sur l&rsquo;importance que le Pr\u00e9sident accorde \u00e0 la m\u00e9moire de la lutte du peuple alg\u00e9rien, reconnaissant ainsi la gratitude de l&rsquo;Alg\u00e9rie envers ses amis africains et internationaux qui ont cru en la justice de sa cause.<\/p>\n<p>M. Attaf a rappel\u00e9 que la r\u00e9volution alg\u00e9rienne, qui a eu un \u00e9cho mondial, \u00e9tait avant tout une lutte humaniste, d\u00e9fendant des valeurs nobles telles que le droit \u00e0 la vie, le rejet du racisme et le droit des peuples \u00e0 disposer d&rsquo;eux-m\u00eames. Il a \u00e9galement exprim\u00e9 la n\u00e9cessit\u00e9 de soutenir le peuple sahraoui, en attente de l&rsquo;exercice de son droit \u00e0 l&rsquo;autod\u00e9termination, afin de clore d\u00e9finitivement l&rsquo;\u00e8re du colonialisme en Afrique.<\/p>\n<p>Le ministre a mis l&rsquo;accent sur la solidarit\u00e9 avec le peuple palestinien, qui fait face \u00e0 des violences inacceptables. \u00ab Le peuple palestinien a plus que jamais besoin du soutien de notre continent et de toutes les nations qui croient en la libert\u00e9 et la dignit\u00e9 \u00bb, a-t-il d\u00e9clar\u00e9, appelant \u00e0 la restauration de ses droits et \u00e0 l&rsquo;\u00e9tablissement d&rsquo;un \u00c9tat souverain avec J\u00e9rusalem comme capitale.<\/p>\n<p>Enfin, Ahmed Attaf a r\u00e9affirm\u00e9 que l&rsquo;Alg\u00e9rie, fi\u00e8re de son appartenance africaine, continuera \u00e0 promouvoir l&rsquo;unit\u00e9 continentale pour faire face aux multiples d\u00e9fis qui menacent la s\u00e9curit\u00e9 et la stabilit\u00e9 des pays africains, tout en soutenant les efforts de d\u00e9veloppement souhait\u00e9s. R.N<\/p>\n","protected":false},"excerpt":{"rendered":"<p>Le ministre des Affaires \u00e9trang\u00e8res, Ahmed Attaf, a soulign\u00e9 ce mardi l&rsquo;engagement de l&rsquo;Alg\u00e9rie, sous la direction du Pr\u00e9sident Abdelmadjid Tebboune, \u00e0 promouvoir le travail <a href=\"https:\/\/capalgerie.dz\/index.php\/2024\/07\/23\/lalgerie-reaffirme-son-engagement-envers-la-paix-et-la-cooperation-en-afrique\/\" class=\"read-more-link\">Lire&#8230;<\/a><\/p>\n","protected":false},"author":4,"featured_media":3679,"comment_status":"open","ping_status":"open","sticky":false,"template":"","format":"standard","meta":{"_crdt_document":"","om_disable_all_campaigns":false,"_monsterinsights_skip_tracking":false,"_monsterinsights_sitenote_active":false,"_monsterinsights_sitenote_note":"","_monsterinsights_sitenote_category":0,"_uf_show_specific_survey":0,"_uf_disable_surveys":false,"episode_type":"","audio_file":"","podmotor_file_id":"","podmotor_episode_id":"","cover_image":"","cover_image_id":"","duration":"","filesize":"","filesize_raw":"","date_recorded":"","explicit":"","block":"","itunes_episode_number":"","itunes_title":"","itunes_season_number":"","itunes_episode_type":"","footnotes":""},"categories":[257],"tags":[],"class_list":["post-3678","post","type-post","status-publish","format-standard","has-post-thumbnail","hentry","category-afrique"],"aioseo_notices":[],"_links":{"self":[{"href":"https:\/\/capalgerie.dz\/index.php\/wp-json\/wp\/v2\/posts\/3678","targetHints":{"allow":["GET"]}}],"collection":[{"href":"https:\/\/capalgerie.dz\/index.php\/wp-json\/wp\/v2\/posts"}],"about":[{"href":"https:\/\/capalgerie.dz\/index.php\/wp-json\/wp\/v2\/types\/post"}],"author":[{"embeddable":true,"href":"https:\/\/capalgerie.dz\/index.php\/wp-json\/wp\/v2\/users\/4"}],"replies":[{"embeddable":true,"href":"https:\/\/capalgerie.dz\/index.php\/wp-json\/wp\/v2\/comments?post=3678"}],"version-history":[{"count":1,"href":"https:\/\/capalgerie.dz\/index.php\/wp-json\/wp\/v2\/posts\/3678\/revisions"}],"predecessor-version":[{"id":3680,"href":"https:\/\/capalgerie.dz\/index.php\/wp-json\/wp\/v2\/posts\/3678\/revisions\/3680"}],"wp:featuredmedia":[{"embeddable":true,"href":"https:\/\/capalgerie.dz\/index.php\/wp-json\/wp\/v2\/media\/3679"}],"wp:attachment":[{"href":"https:\/\/capalgerie.dz\/index.php\/wp-json\/wp\/v2\/media?parent=3678"}],"wp:term":[{"taxonomy":"category","embeddable":true,"href":"https:\/\/capalgerie.dz\/index.php\/wp-json\/wp\/v2\/categories?post=3678"},{"taxonomy":"post_tag","embeddable":true,"href":"https:\/\/capalgerie.dz\/index.php\/wp-json\/wp\/v2\/tags?post=3678"}],"curies":[{"name":"wp","href":"https:\/\/api.w.org\/{rel}","templated":true}]}}