{"id":3852,"date":"2024-07-30T16:26:23","date_gmt":"2024-07-30T15:26:23","guid":{"rendered":"https:\/\/capalgerie.dz\/?p=3852"},"modified":"2024-07-30T16:26:23","modified_gmt":"2024-07-30T15:26:23","slug":"tensions-diplomatiques-lalgerie-rappelle-son-ambassadeur-en-france","status":"publish","type":"post","link":"https:\/\/capalgerie.dz\/index.php\/2024\/07\/30\/tensions-diplomatiques-lalgerie-rappelle-son-ambassadeur-en-france\/","title":{"rendered":"Tensions diplomatiques : L&rsquo;Alg\u00e9rie rappelle son ambassadeur en France"},"content":{"rendered":"<p>Rien ne va plus entre les deux rives. Les relations d\u00e9j\u00e0 tendues entre l&rsquo;Alg\u00e9rie et la France ont connu un nouveau rebondissement suite \u00e0 la d\u00e9cision de Paris de soutenir le plan d&rsquo;autonomie marocain pour le Sahara occidental. En r\u00e9ponse \u00e0 cette prise de position jug\u00e9e \u00ab\u00a0inattendue, inopportune et contre-productive\u00a0\u00bb par Alger, le gouvernement alg\u00e9rien a annonc\u00e9 le retrait imm\u00e9diat de son ambassadeur en France.<\/p>\n<p>Cette mesure diplomatique forte souligne la gravit\u00e9 de la situation et met en lumi\u00e8re l&rsquo;instabilit\u00e9 de la France et les manquements \u00e0 r\u00e9p\u00e9tition de ses engagements, mais rappelant surtout le passif historique complexe entre les deux pays. L&rsquo;Alg\u00e9rie accuse la France de \u00ab\u00a0bafouer la l\u00e9galit\u00e9 internationale\u00a0\u00bb et de prendre \u00ab\u00a0fait et cause pour la n\u00e9gation du droit du peuple sahraoui \u00e0 l&rsquo;autod\u00e9termination\u00a0\u00bb. Le minist\u00e8re alg\u00e9rien des Affaires \u00e9trang\u00e8res d\u00e9nonce une d\u00e9cision qui \u00ab\u00a0rel\u00e8ve manifestement d&rsquo;un calcul politique douteux\u00a0\u00bb et d&rsquo;une \u00ab\u00a0lecture juridique que rien ne conforte et rien ne justifie\u00a0\u00bb.<\/p>\n<p>Le contentieux entre Alger et Paris s&rsquo;inscrit dans un contexte plus large de tensions persistantes, marqu\u00e9es notamment par la question non r\u00e9solue de la reconnaissance des crimes commis durant la p\u00e9riode coloniale. La communaut\u00e9 alg\u00e9rienne \u00e9tablie en France fait \u00e9galement l&rsquo;objet d&rsquo;attaques r\u00e9currentes lanc\u00e9es par les nostalgiques de l\u2019Alg\u00e9rie fran\u00e7aise et sournoisement encourag\u00e9es par des membres du gouvernement fran\u00e7ais qui vont jusqu\u2019\u00e0 remettre en question les accords de 1968. Cette somme d\u2019attaques ne fait qu&rsquo;exacerber les tensions bilat\u00e9rales.<\/p>\n<p>Le gouvernement alg\u00e9rien accuse la France de jouer un jeu trouble dans la r\u00e9gion, rappelant que \u00ab\u00a0les puissances coloniales, anciennes et nouvelles, savent se reconna\u00eetre, se comprendre et se tendre des mains secourables\u00a0\u00bb. Cette allusion \u00e0 peine voil\u00e9e au pass\u00e9 colonial de la France et \u00e0 ses int\u00e9r\u00eats actuels dans la r\u00e9gion souligne la m\u00e9fiance profonde d&rsquo;Alger envers les motivations de Paris.<\/p>\n<p>L&rsquo;Alg\u00e9rie consid\u00e8re que la position fran\u00e7aise va \u00e0 l&rsquo;encontre des efforts d\u00e9ploy\u00e9s par la communaut\u00e9 internationale pour r\u00e9soudre pacifiquement la question du Sahara occidental. Le minist\u00e8re des Affaires \u00e9trang\u00e8res alg\u00e9rien affirme que cette d\u00e9cision \u00ab\u00a0ne sert absolument pas l&rsquo;objectif de la paix au Sahara occidental\u00a0\u00bb et qu&rsquo;elle \u00ab\u00a0aide \u00e0 prolonger une impasse et \u00e0 consolider le fait accompli colonial dans ce territoire\u00a0\u00bb.<\/p>\n<p>Ce rappel de l&rsquo;ambassadeur alg\u00e9rien en France marque donc une nouvelle escalade dans les tensions entre les deux pays. Cette crise diplomatique met en \u00e9vidence les nombreux points de friction qui persistent dans les relations alg\u00e9ro-fran\u00e7aises, allant bien au-del\u00e0 de la seule question du Sahara occidental. Azzedine Belferag<\/p>\n","protected":false},"excerpt":{"rendered":"<p>Rien ne va plus entre les deux rives. Les relations d\u00e9j\u00e0 tendues entre l&rsquo;Alg\u00e9rie et la France ont connu un nouveau rebondissement suite \u00e0 la <a href=\"https:\/\/capalgerie.dz\/index.php\/2024\/07\/30\/tensions-diplomatiques-lalgerie-rappelle-son-ambassadeur-en-france\/\" class=\"read-more-link\">Lire&#8230;<\/a><\/p>\n","protected":false},"author":2,"featured_media":3854,"comment_status":"open","ping_status":"open","sticky":false,"template":"","format":"standard","meta":{"_crdt_document":"","om_disable_all_campaigns":false,"_monsterinsights_skip_tracking":false,"_monsterinsights_sitenote_active":false,"_monsterinsights_sitenote_note":"","_monsterinsights_sitenote_category":0,"_uf_show_specific_survey":0,"_uf_disable_surveys":false,"episode_type":"","audio_file":"","podmotor_file_id":"","podmotor_episode_id":"","cover_image":"","cover_image_id":"","duration":"","filesize":"","filesize_raw":"","date_recorded":"","explicit":"","block":"","itunes_episode_number":"","itunes_title":"","itunes_season_number":"","itunes_episode_type":"","footnotes":""},"categories":[258,198],"tags":[],"class_list":["post-3852","post","type-post","status-publish","format-standard","has-post-thumbnail","hentry","category-alaune","category-actualite"],"aioseo_notices":[],"_links":{"self":[{"href":"https:\/\/capalgerie.dz\/index.php\/wp-json\/wp\/v2\/posts\/3852","targetHints":{"allow":["GET"]}}],"collection":[{"href":"https:\/\/capalgerie.dz\/index.php\/wp-json\/wp\/v2\/posts"}],"about":[{"href":"https:\/\/capalgerie.dz\/index.php\/wp-json\/wp\/v2\/types\/post"}],"author":[{"embeddable":true,"href":"https:\/\/capalgerie.dz\/index.php\/wp-json\/wp\/v2\/users\/2"}],"replies":[{"embeddable":true,"href":"https:\/\/capalgerie.dz\/index.php\/wp-json\/wp\/v2\/comments?post=3852"}],"version-history":[{"count":1,"href":"https:\/\/capalgerie.dz\/index.php\/wp-json\/wp\/v2\/posts\/3852\/revisions"}],"predecessor-version":[{"id":3855,"href":"https:\/\/capalgerie.dz\/index.php\/wp-json\/wp\/v2\/posts\/3852\/revisions\/3855"}],"wp:featuredmedia":[{"embeddable":true,"href":"https:\/\/capalgerie.dz\/index.php\/wp-json\/wp\/v2\/media\/3854"}],"wp:attachment":[{"href":"https:\/\/capalgerie.dz\/index.php\/wp-json\/wp\/v2\/media?parent=3852"}],"wp:term":[{"taxonomy":"category","embeddable":true,"href":"https:\/\/capalgerie.dz\/index.php\/wp-json\/wp\/v2\/categories?post=3852"},{"taxonomy":"post_tag","embeddable":true,"href":"https:\/\/capalgerie.dz\/index.php\/wp-json\/wp\/v2\/tags?post=3852"}],"curies":[{"name":"wp","href":"https:\/\/api.w.org\/{rel}","templated":true}]}}