{"id":3928,"date":"2024-08-04T13:39:58","date_gmt":"2024-08-04T12:39:58","guid":{"rendered":"https:\/\/capalgerie.dz\/?p=3928"},"modified":"2024-08-04T13:39:58","modified_gmt":"2024-08-04T12:39:58","slug":"le-soutien-de-paris-au-pretendu-plan-dautonomie-pour-le-sahara-occidental-est-en-porte-a-faux-avec-la-jurisprudence-de-la-cjue","status":"publish","type":"post","link":"https:\/\/capalgerie.dz\/index.php\/2024\/08\/04\/le-soutien-de-paris-au-pretendu-plan-dautonomie-pour-le-sahara-occidental-est-en-porte-a-faux-avec-la-jurisprudence-de-la-cjue\/","title":{"rendered":"Le soutien de Paris au pr\u00e9tendu \u00ab\u00a0plan d&rsquo;autonomie\u00a0\u00bb pour le Sahara occidental est en porte \u00e0 faux avec la jurisprudence de la CJUE"},"content":{"rendered":"<p>Le soutien apport\u00e9 par Paris au pr\u00e9tendu \u00ab\u00a0plan d&rsquo;autonomie\u00a0\u00bb marocain pour le Sahara occidental se trouve \u00ab\u00a0en porte \u00e0 faux\u00a0\u00bb avec la jurisprudence de la Cour de justice de l&rsquo;Union europ\u00e9enne (CJUE), estime le professeur en droit international \u00e0 l&rsquo;universit\u00e9 de Bruxelles, Fran\u00e7ois Dubuisson qui rappelle que toutes les juridictions internationales s&rsquo;accordent sur le droit du peuple sahraoui \u00e0 l&rsquo;autod\u00e9termination.<\/p>\n<p>\u00ab\u00a0Le Sahara occidental est un territoire autonome au regard des Nations-unies, c&rsquo;est \u00e0 dire que c&rsquo;est un territoire qui a le droit \u00e0 l&rsquo;autod\u00e9termination\u00a0\u00bb, a affirm\u00e9 M. Dubuisson dans une d\u00e9claration \u00e0 la presse.<\/p>\n<p>A ce titre, il a soulign\u00e9 que \u00ab\u00a0le peuple sahraoui peut d\u00e9terminer son propre sort, (et) qu&rsquo;il a \u00e9t\u00e9 d\u00e9cid\u00e9 qu&rsquo;il pouvait le faire au terme d&rsquo;un r\u00e9f\u00e9rendum\u00a0\u00bb, rappelant que \u00ab\u00a0toute une s\u00e9rie de juridictions internationales se sont prononc\u00e9es en ce sens\u00a0\u00bb.<\/p>\n<p>Il a notamment \u00e9voqu\u00e9 la Cour internationale de justice (CIJ) qui \u00ab\u00a0dans un avis de 1975 avait \u00e9tabli que le Maroc n&rsquo;avait pas la souverainet\u00e9 sur ce territoire et que c&rsquo;\u00e9tait bien un territoire non autonome auquel s&rsquo;appliquait le droit \u00e0 l&rsquo;autod\u00e9termination\u00a0\u00bb.<\/p>\n<p>Cette position, a-t-il poursuivi, \u00ab\u00a0a encore \u00e9t\u00e9 confirm\u00e9e par la Cour africaine des droits de l&rsquo;homme et des peuples (CADHP) le -22 septembre 2022- et par la CJUE\u00a0\u00bb, faisant savoir que cette Cour europ\u00e9enne va se prononcer probablement dans les prochaines semaines sur divers accords \u00e9conomiques UE\/Maroc\u00a0\u00bb, \u00e9tendus ill\u00e9galement au Sahara occidental occup\u00e9.<\/p>\n<p>Pour rappel, en septembre 2021, le Tribunal de l&rsquo;Union Europ\u00e9enne (UE) avait statu\u00e9 en faveur du Front Polisario, soulignant que l&rsquo;accord de p\u00eache entre l&rsquo;UE et le Maroc a \u00e9t\u00e9 conclu sans le consentement du peuple du Sahara occidental.<\/p>\n<p>Les Conseil et Commission europ\u00e9ens avaient introduit un recours en appel en d\u00e9cembre de la m\u00eame ann\u00e9e. Cet accord, d&rsquo;une validit\u00e9 de 4 ans et arriv\u00e9 \u00e0 terme en juillet 2023, fait actuellement l&rsquo;objet d&rsquo;une proc\u00e9dure judiciaire devant la Cour de justice de l&rsquo;UE (CJUE) dont le verdict est attendu au courant de cette ann\u00e9e.<\/p>\n<p>\u00ab\u00a0En premi\u00e8re instance, le tribunal avait annul\u00e9 ces accords en consid\u00e9rant que l&rsquo;UE ne pouvait pas passer des accords avec le Maroc portant sur le Sahara occidental sans le consentement du peuple sahraoui\u00a0\u00bb, a-t-il rappel\u00e9 dans ce cadre, relevant qu&rsquo;il se peut donc que, \u00ab\u00a0la position fran\u00e7aise se trouve assez rapidement en porte \u00e0 faux avec la jurisprudence de la CJUE).<\/p>\n<p>R\u00e9pondant \u00e0 une question sur l&rsquo;ill\u00e9galit\u00e9 de la pr\u00e9sence marocaine au Sahara occidental, M. Dubuisson a expliqu\u00e9 que \u00ab\u00a0le Conseil de s\u00e9curit\u00e9 avait condamn\u00e9 la marche verte qui avait \u00e9t\u00e9 organis\u00e9e par le pouvoir marocain\u00a0\u00bb, en 1975.<\/p>\n<p>\u00ab\u00a0Par la suite, la Cour africaine des droits de l&rsquo;homme avait indiqu\u00e9 tr\u00e8s clairement que l&rsquo;occupation marocaine \u00e9tait ill\u00e9gale et contraire au droit \u00e0 l&rsquo;autod\u00e9termination du peuple sahraoui\u00a0\u00bb, a-t-il ajout\u00e9.<\/p>\n<p>Le professeur en droit international a, en outre, soulign\u00e9 que \u00ab\u00a0les juridictions europ\u00e9ennes ont \u00e9t\u00e9 dans le m\u00eame sens en consid\u00e9rant que le territoire du Sahara occidental n&rsquo;appartient pas au Maroc et que d\u00e8s lors il n&rsquo;est pas possible de passer un accord avec ce pays qui porterait sur le Sahara occidental sans obtenir le consentement pr\u00e9alable du peuple du Sahara occidental, ce qui passe tr\u00e8s certainement par un accord avec le Front Polisario\u00a0\u00bb. <\/p>\n","protected":false},"excerpt":{"rendered":"<p>Le soutien apport\u00e9 par Paris au pr\u00e9tendu \u00ab\u00a0plan d&rsquo;autonomie\u00a0\u00bb marocain pour le Sahara occidental se trouve \u00ab\u00a0en porte \u00e0 faux\u00a0\u00bb avec la jurisprudence de la <a href=\"https:\/\/capalgerie.dz\/index.php\/2024\/08\/04\/le-soutien-de-paris-au-pretendu-plan-dautonomie-pour-le-sahara-occidental-est-en-porte-a-faux-avec-la-jurisprudence-de-la-cjue\/\" class=\"read-more-link\">Lire&#8230;<\/a><\/p>\n","protected":false},"author":4,"featured_media":3295,"comment_status":"open","ping_status":"open","sticky":false,"template":"","format":"standard","meta":{"_crdt_document":"","om_disable_all_campaigns":false,"_monsterinsights_skip_tracking":false,"_monsterinsights_sitenote_active":false,"_monsterinsights_sitenote_note":"","_monsterinsights_sitenote_category":0,"_uf_show_specific_survey":0,"_uf_disable_surveys":false,"episode_type":"","audio_file":"","podmotor_file_id":"","podmotor_episode_id":"","cover_image":"","cover_image_id":"","duration":"","filesize":"","filesize_raw":"","date_recorded":"","explicit":"","block":"","itunes_episode_number":"","itunes_title":"","itunes_season_number":"","itunes_episode_type":"","footnotes":""},"categories":[202],"tags":[],"class_list":["post-3928","post","type-post","status-publish","format-standard","has-post-thumbnail","hentry","category-monde"],"aioseo_notices":[],"_links":{"self":[{"href":"https:\/\/capalgerie.dz\/index.php\/wp-json\/wp\/v2\/posts\/3928","targetHints":{"allow":["GET"]}}],"collection":[{"href":"https:\/\/capalgerie.dz\/index.php\/wp-json\/wp\/v2\/posts"}],"about":[{"href":"https:\/\/capalgerie.dz\/index.php\/wp-json\/wp\/v2\/types\/post"}],"author":[{"embeddable":true,"href":"https:\/\/capalgerie.dz\/index.php\/wp-json\/wp\/v2\/users\/4"}],"replies":[{"embeddable":true,"href":"https:\/\/capalgerie.dz\/index.php\/wp-json\/wp\/v2\/comments?post=3928"}],"version-history":[{"count":1,"href":"https:\/\/capalgerie.dz\/index.php\/wp-json\/wp\/v2\/posts\/3928\/revisions"}],"predecessor-version":[{"id":3929,"href":"https:\/\/capalgerie.dz\/index.php\/wp-json\/wp\/v2\/posts\/3928\/revisions\/3929"}],"wp:featuredmedia":[{"embeddable":true,"href":"https:\/\/capalgerie.dz\/index.php\/wp-json\/wp\/v2\/media\/3295"}],"wp:attachment":[{"href":"https:\/\/capalgerie.dz\/index.php\/wp-json\/wp\/v2\/media?parent=3928"}],"wp:term":[{"taxonomy":"category","embeddable":true,"href":"https:\/\/capalgerie.dz\/index.php\/wp-json\/wp\/v2\/categories?post=3928"},{"taxonomy":"post_tag","embeddable":true,"href":"https:\/\/capalgerie.dz\/index.php\/wp-json\/wp\/v2\/tags?post=3928"}],"curies":[{"name":"wp","href":"https:\/\/api.w.org\/{rel}","templated":true}]}}