{"id":4200,"date":"2024-08-18T19:46:32","date_gmt":"2024-08-18T18:46:32","guid":{"rendered":"https:\/\/capalgerie.dz\/?p=4200"},"modified":"2024-08-18T19:46:32","modified_gmt":"2024-08-18T18:46:32","slug":"notre-participation-a-lecheance-vient-en-reponse-a-lappel-de-la-patrie","status":"publish","type":"post","link":"https:\/\/capalgerie.dz\/index.php\/2024\/08\/18\/notre-participation-a-lecheance-vient-en-reponse-a-lappel-de-la-patrie\/","title":{"rendered":"notre participation \u00e0 l&rsquo;\u00e9ch\u00e9ance vient en r\u00e9ponse \u00e0 l&rsquo;appel de la patrie"},"content":{"rendered":"<p>Le candidat du Front des forces socialistes (FFS) \u00e0 la pr\u00e9sidentielle du 7 septembre prochain, Youcef Aouchiche, a affirm\u00e9, dimanche depuis la wilaya de A\u00efn Defla, que sa participation \u00e0 cette \u00e9ch\u00e9ance venait en r\u00e9ponse \u00e0 l&rsquo;appel de la patrie, appelant les Alg\u00e9riens \u00e0 y participer massivement pour choisir leur pr\u00e9sident.<\/p>\n<p>Animant un meeting dans la ville de Miliana, le candidat Aouchiche a soulign\u00e9 l&rsquo;importance de cette \u00e9ch\u00e9ance \u00e9lectorale \u00ab\u00a0dans le contexte actuel\u00a0\u00bb, soutenant que \u00ab\u00a0le FFS a toujours \u00e9t\u00e9 \u00e0 l&rsquo;avant-garde de la d\u00e9fense de la patrie, convaincu que rien n&rsquo;est plus pr\u00e9cieux que la souverainet\u00e9 et l&rsquo;unit\u00e9 nationales\u00a0\u00bb.<\/p>\n<p>Il a en outre pr\u00e9cis\u00e9 qu&rsquo;il ambitionnait de \u00ab\u00a0r\u00e9aliser un changement pacifique et progressif\u00a0\u00bb, appelant \u00e0 nouveau les citoyens \u00e0 \u00ab\u00a0participer massivement au rendez-vous du 7 septembre\u00a0\u00bb et \u00e0 \u00ab\u00a0ne pas c\u00e9der aux discours d\u00e9faitistes entretenus par certaines parties\u00a0\u00bb.<\/p>\n<p>Mettant en avant les grands axes de son programme \u00e9lectoral, le candidat du FFS a soulign\u00e9 que \u00ab\u00a0le renforcement de l&rsquo;unit\u00e9 nationale est tributaire de la consolidation du front int\u00e9rieur, qui passe, a-t-il dit, par la prise en charge des pr\u00e9occupations des citoyens et leur association \u00e0 la gestion des affaires du pays\u00a0\u00bb. APS<\/p>\n","protected":false},"excerpt":{"rendered":"<p>Le candidat du Front des forces socialistes (FFS) \u00e0 la pr\u00e9sidentielle du 7 septembre prochain, Youcef Aouchiche, a affirm\u00e9, dimanche depuis la wilaya de A\u00efn <a href=\"https:\/\/capalgerie.dz\/index.php\/2024\/08\/18\/notre-participation-a-lecheance-vient-en-reponse-a-lappel-de-la-patrie\/\" class=\"read-more-link\">Lire&#8230;<\/a><\/p>\n","protected":false},"author":4,"featured_media":4201,"comment_status":"open","ping_status":"open","sticky":false,"template":"","format":"standard","meta":{"_crdt_document":"","om_disable_all_campaigns":false,"_monsterinsights_skip_tracking":false,"_monsterinsights_sitenote_active":false,"_monsterinsights_sitenote_note":"","_monsterinsights_sitenote_category":0,"_uf_show_specific_survey":0,"_uf_disable_surveys":false,"episode_type":"","audio_file":"","podmotor_file_id":"","podmotor_episode_id":"","cover_image":"","cover_image_id":"","duration":"","filesize":"","filesize_raw":"","date_recorded":"","explicit":"","block":"","itunes_episode_number":"","itunes_title":"","itunes_season_number":"","itunes_episode_type":"","footnotes":""},"categories":[260],"tags":[],"class_list":["post-4200","post","type-post","status-publish","format-standard","has-post-thumbnail","hentry","category-presidentielle-2024"],"aioseo_notices":[],"_links":{"self":[{"href":"https:\/\/capalgerie.dz\/index.php\/wp-json\/wp\/v2\/posts\/4200","targetHints":{"allow":["GET"]}}],"collection":[{"href":"https:\/\/capalgerie.dz\/index.php\/wp-json\/wp\/v2\/posts"}],"about":[{"href":"https:\/\/capalgerie.dz\/index.php\/wp-json\/wp\/v2\/types\/post"}],"author":[{"embeddable":true,"href":"https:\/\/capalgerie.dz\/index.php\/wp-json\/wp\/v2\/users\/4"}],"replies":[{"embeddable":true,"href":"https:\/\/capalgerie.dz\/index.php\/wp-json\/wp\/v2\/comments?post=4200"}],"version-history":[{"count":1,"href":"https:\/\/capalgerie.dz\/index.php\/wp-json\/wp\/v2\/posts\/4200\/revisions"}],"predecessor-version":[{"id":4202,"href":"https:\/\/capalgerie.dz\/index.php\/wp-json\/wp\/v2\/posts\/4200\/revisions\/4202"}],"wp:featuredmedia":[{"embeddable":true,"href":"https:\/\/capalgerie.dz\/index.php\/wp-json\/wp\/v2\/media\/4201"}],"wp:attachment":[{"href":"https:\/\/capalgerie.dz\/index.php\/wp-json\/wp\/v2\/media?parent=4200"}],"wp:term":[{"taxonomy":"category","embeddable":true,"href":"https:\/\/capalgerie.dz\/index.php\/wp-json\/wp\/v2\/categories?post=4200"},{"taxonomy":"post_tag","embeddable":true,"href":"https:\/\/capalgerie.dz\/index.php\/wp-json\/wp\/v2\/tags?post=4200"}],"curies":[{"name":"wp","href":"https:\/\/api.w.org\/{rel}","templated":true}]}}