{"id":4251,"date":"2024-08-21T16:05:11","date_gmt":"2024-08-21T15:05:11","guid":{"rendered":"https:\/\/capalgerie.dz\/?p=4251"},"modified":"2024-08-21T16:05:11","modified_gmt":"2024-08-21T15:05:11","slug":"cherfa-fait-le-point-sur-la-relance-du-projet-ambitieux-du-barrage-vert","status":"publish","type":"post","link":"https:\/\/capalgerie.dz\/index.php\/2024\/08\/21\/cherfa-fait-le-point-sur-la-relance-du-projet-ambitieux-du-barrage-vert\/","title":{"rendered":"Cherfa fait le point sur la relance du projet ambitieux du barrage vert"},"content":{"rendered":"<p>Le ministre de l&rsquo;Agriculture et du D\u00e9veloppement rural, Youcef Cherfa, a pr\u00e9sid\u00e9 mardi \u00e0 Alger une r\u00e9union de travail consacr\u00e9e \u00e0 l&rsquo;\u00e9valuation des progr\u00e8s accomplis dans le cadre de la relance et de l&rsquo;extension du barrage vert, un projet prioritaire pour les hautes autorit\u00e9s du pays.<\/p>\n<p>Ce projet, lanc\u00e9 il y a pr\u00e8s de 50 ans, s&rsquo;\u00e9tend sur plus de 3 000 kilom\u00e8tres et vise \u00e0 lutter contre la d\u00e9sertification tout en d\u00e9veloppant une \u00e9conomie verte locale et en am\u00e9liorant les conditions de vie des populations des zones arides et semi-arides. Un enjeu majeur dans un pays comme l&rsquo;Alg\u00e9rie, fortement touch\u00e9 par les d\u00e9fis environnementaux.<\/p>\n<p>Lors de la pr\u00e9c\u00e9dente \u00e9valuation, le ministre avait insist\u00e9 sur la n\u00e9cessit\u00e9 d&rsquo;acc\u00e9l\u00e9rer la cadence des op\u00e9rations, notamment en mati\u00e8re de plantations, de cr\u00e9ation de points de collecte d&rsquo;eau, d&rsquo;ouverture de pistes et de travaux d&rsquo;am\u00e9nagement. Il avait \u00e9galement soulign\u00e9 l&rsquo;importance d&rsquo;impliquer davantage les petites et moyennes entreprises (PME) locales pour dynamiser la mise en \u0153uvre du projet.<\/p>\n<p>Aujourd&rsquo;hui, la directrice g\u00e9n\u00e9rale charg\u00e9e du projet a fait \u00e9tat de progr\u00e8s significatifs sur les deux derni\u00e8res ann\u00e9es, avec 50 000 hectares de plantations r\u00e9alis\u00e9s et 200 points de collecte d&rsquo;eau construits. Cependant, des retards ont \u00e9t\u00e9 constat\u00e9s sur certains volets, comme l&rsquo;ouverture de pistes et les travaux d&rsquo;am\u00e9nagement.<\/p>\n<p>Face \u00e0 ce constat mitig\u00e9, le ministre Cherfa a une nouvelle fois insist\u00e9 sur la n\u00e9cessit\u00e9 d&rsquo;acc\u00e9l\u00e9rer la cadence dans tous les domaines. \u00ab\u00a0Nous devons absolument tenir nos engagements et atteindre les objectifs fix\u00e9s pour 2023 et 2024\u00a0\u00bb, a-t-il d\u00e9clar\u00e9, appelant les responsables \u00e0 mobiliser tous les moyens n\u00e9cessaires.<\/p>\n<p>Le ministre a \u00e9galement demand\u00e9 le lancement imm\u00e9diat de l&rsquo;\u00e9laboration du programme d&rsquo;action 2025, afin de poursuivre sur la lanc\u00e9e et de maximiser l&rsquo;impact du barrage vert. Il a r\u00e9affirm\u00e9 l&rsquo;importance d&rsquo;impliquer davantage les PME locales, gage d&rsquo;une mise en \u0153uvre plus efficace et d&rsquo;un meilleur ancrage territorial du projet.<\/p>\n<p>Parall\u00e8lement, M. Cherfa a salu\u00e9 les efforts fournis par les agents du secteur forestier dans la pr\u00e9vention et la lutte contre les incendies, soulignant leur r\u00f4le essentiel dans la pr\u00e9servation des richesses naturelles du pays.<\/p>\n<p>Les r\u00e9unions d&rsquo;\u00e9valuation p\u00e9riodiques, comme celle de mardi, permettent de suivre de pr\u00e8s l&rsquo;avancement des travaux, d&rsquo;identifier les difficult\u00e9s rencontr\u00e9es et d&rsquo;ajuster les programmes d&rsquo;action en cons\u00e9quence. Elles t\u00e9moignent de l&rsquo;importance strat\u00e9gique accord\u00e9e par les pouvoirs publics \u00e0 ce projet majeur de pr\u00e9servation de l&rsquo;environnement et de d\u00e9veloppement durable.<\/p>\n<p>En effet, les objectifs du barrage vert sont multiples : renforcer la r\u00e9silience des \u00e9cosyst\u00e8mes, d\u00e9velopper une \u00e9conomie verte locale, et am\u00e9liorer les conditions de vie des populations des zones arides et semi-arides. Un enjeu crucial dans un contexte de changement climatique et de d\u00e9gradation de l&rsquo;environnement.<\/p>\n<p>Malgr\u00e9 les progr\u00e8s enregistr\u00e9s, le ministre a rappel\u00e9 la n\u00e9cessit\u00e9 d&rsquo;acc\u00e9l\u00e9rer la cadence pour tenir les engagements pris et maximiser l&rsquo;impact de ce projet ambitieux sur le long terme. Une mobilisation \u00e0 la hauteur des enjeux environnementaux et de d\u00e9veloppement qui s&rsquo;imposent \u00e0 l&rsquo;Alg\u00e9rie. R.N<\/p>\n","protected":false},"excerpt":{"rendered":"<p>Le ministre de l&rsquo;Agriculture et du D\u00e9veloppement rural, Youcef Cherfa, a pr\u00e9sid\u00e9 mardi \u00e0 Alger une r\u00e9union de travail consacr\u00e9e \u00e0 l&rsquo;\u00e9valuation des progr\u00e8s accomplis <a href=\"https:\/\/capalgerie.dz\/index.php\/2024\/08\/21\/cherfa-fait-le-point-sur-la-relance-du-projet-ambitieux-du-barrage-vert\/\" class=\"read-more-link\">Lire&#8230;<\/a><\/p>\n","protected":false},"author":2,"featured_media":4252,"comment_status":"open","ping_status":"open","sticky":false,"template":"","format":"standard","meta":{"_crdt_document":"","om_disable_all_campaigns":false,"_monsterinsights_skip_tracking":false,"_monsterinsights_sitenote_active":false,"_monsterinsights_sitenote_note":"","_monsterinsights_sitenote_category":0,"_uf_show_specific_survey":0,"_uf_disable_surveys":false,"episode_type":"","audio_file":"","podmotor_file_id":"","podmotor_episode_id":"","cover_image":"","cover_image_id":"","duration":"","filesize":"","filesize_raw":"","date_recorded":"","explicit":"","block":"","itunes_episode_number":"","itunes_title":"","itunes_season_number":"","itunes_episode_type":"","footnotes":""},"categories":[258,256],"tags":[],"class_list":["post-4251","post","type-post","status-publish","format-standard","has-post-thumbnail","hentry","category-alaune","category-agriculture"],"aioseo_notices":[],"_links":{"self":[{"href":"https:\/\/capalgerie.dz\/index.php\/wp-json\/wp\/v2\/posts\/4251","targetHints":{"allow":["GET"]}}],"collection":[{"href":"https:\/\/capalgerie.dz\/index.php\/wp-json\/wp\/v2\/posts"}],"about":[{"href":"https:\/\/capalgerie.dz\/index.php\/wp-json\/wp\/v2\/types\/post"}],"author":[{"embeddable":true,"href":"https:\/\/capalgerie.dz\/index.php\/wp-json\/wp\/v2\/users\/2"}],"replies":[{"embeddable":true,"href":"https:\/\/capalgerie.dz\/index.php\/wp-json\/wp\/v2\/comments?post=4251"}],"version-history":[{"count":1,"href":"https:\/\/capalgerie.dz\/index.php\/wp-json\/wp\/v2\/posts\/4251\/revisions"}],"predecessor-version":[{"id":4253,"href":"https:\/\/capalgerie.dz\/index.php\/wp-json\/wp\/v2\/posts\/4251\/revisions\/4253"}],"wp:featuredmedia":[{"embeddable":true,"href":"https:\/\/capalgerie.dz\/index.php\/wp-json\/wp\/v2\/media\/4252"}],"wp:attachment":[{"href":"https:\/\/capalgerie.dz\/index.php\/wp-json\/wp\/v2\/media?parent=4251"}],"wp:term":[{"taxonomy":"category","embeddable":true,"href":"https:\/\/capalgerie.dz\/index.php\/wp-json\/wp\/v2\/categories?post=4251"},{"taxonomy":"post_tag","embeddable":true,"href":"https:\/\/capalgerie.dz\/index.php\/wp-json\/wp\/v2\/tags?post=4251"}],"curies":[{"name":"wp","href":"https:\/\/api.w.org\/{rel}","templated":true}]}}