{"id":5144,"date":"2024-10-13T19:22:37","date_gmt":"2024-10-13T18:22:37","guid":{"rendered":"https:\/\/capalgerie.dz\/?p=5144"},"modified":"2024-10-13T19:22:37","modified_gmt":"2024-10-13T18:22:37","slug":"ouverture-du-1er-salon-national-de-lagriculture-et-de-la-production-vegetale-vendredi-prochain-a-setif","status":"publish","type":"post","link":"https:\/\/capalgerie.dz\/index.php\/2024\/10\/13\/ouverture-du-1er-salon-national-de-lagriculture-et-de-la-production-vegetale-vendredi-prochain-a-setif\/","title":{"rendered":"Ouverture du 1er Salon national de l&rsquo;agriculture et de la production v\u00e9g\u00e9tale, vendredi prochain \u00e0 S\u00e9tif"},"content":{"rendered":"<p>La 1\u00e8re \u00e9dition du Salon national de l&rsquo;agriculture et de la production v\u00e9g\u00e9tale se tiendra \u00e0 S\u00e9tif \u00e0 partir de vendredi prochain, a indiqu\u00e9 dimanche le secr\u00e9taire g\u00e9n\u00e9ral de la Chambre de wilaya de l&rsquo;agriculture, structure initiatrice de la manifestation.<\/p>\n<p>M. Hamza Benmakhlouf a pr\u00e9cis\u00e9, dans une d\u00e9claration \u00e0 l\u2019APS, que ce Salon de 4 jours sera organis\u00e9 par la Chambre de l\u2019agriculture, sous le patronage du minist\u00e8re de l&rsquo;Agriculture et du D\u00e9veloppement rural et du wali de S\u00e9tif, Mustapha Limani.<\/p>\n<p>La manifestation est \u00e9galement plac\u00e9e sous l\u2019\u00e9gide de la Chambre nationale de l&rsquo;agriculture, en partenariat avec la soci\u00e9t\u00e9 \u00ab\u00a0Ritej Expo Afro-Asiatique\u00a0\u00bb, une soci\u00e9t\u00e9 sp\u00e9cialis\u00e9e dans l&rsquo;organisation d&rsquo;expositions et de salons.     <\/p>\n<p>La m\u00eame source a ajout\u00e9 que l&rsquo;organisation de ce salon s&rsquo;inscrit dans le cadre de la strat\u00e9gie du minist\u00e8re de l&rsquo;Agriculture et du D\u00e9veloppement rural visant \u00e0 rapprocher les diff\u00e9rents acteurs du secteur tels que les producteurs de semences de c\u00e9r\u00e9ales et de l\u00e9gumes, les p\u00e9pini\u00e9ristes d&rsquo;arbres fruitiers, les fabricants d\u2019\u00e9quipements agricoles, les fournisseurs d\u2019engrais et d\u2019intrants agricoles, d&rsquo;une part, et les agriculteurs, d&rsquo;autre part. Selon M. Benmakhlouf, plus de 35 exposants venus de 15 wilayas du pays sont attendus \u00e0 cette manifestation. APS<\/p>\n","protected":false},"excerpt":{"rendered":"<p>La 1\u00e8re \u00e9dition du Salon national de l&rsquo;agriculture et de la production v\u00e9g\u00e9tale se tiendra \u00e0 S\u00e9tif \u00e0 partir de vendredi prochain, a indiqu\u00e9 dimanche <a href=\"https:\/\/capalgerie.dz\/index.php\/2024\/10\/13\/ouverture-du-1er-salon-national-de-lagriculture-et-de-la-production-vegetale-vendredi-prochain-a-setif\/\" class=\"read-more-link\">Lire&#8230;<\/a><\/p>\n","protected":false},"author":4,"featured_media":5145,"comment_status":"open","ping_status":"open","sticky":false,"template":"","format":"standard","meta":{"_crdt_document":"","om_disable_all_campaigns":false,"_monsterinsights_skip_tracking":false,"_monsterinsights_sitenote_active":false,"_monsterinsights_sitenote_note":"","_monsterinsights_sitenote_category":0,"_uf_show_specific_survey":0,"_uf_disable_surveys":false,"episode_type":"","audio_file":"","podmotor_file_id":"","podmotor_episode_id":"","cover_image":"","cover_image_id":"","duration":"","filesize":"","filesize_raw":"","date_recorded":"","explicit":"","block":"","itunes_episode_number":"","itunes_title":"","itunes_season_number":"","itunes_episode_type":"","footnotes":""},"categories":[256],"tags":[],"class_list":["post-5144","post","type-post","status-publish","format-standard","has-post-thumbnail","hentry","category-agriculture"],"aioseo_notices":[],"_links":{"self":[{"href":"https:\/\/capalgerie.dz\/index.php\/wp-json\/wp\/v2\/posts\/5144","targetHints":{"allow":["GET"]}}],"collection":[{"href":"https:\/\/capalgerie.dz\/index.php\/wp-json\/wp\/v2\/posts"}],"about":[{"href":"https:\/\/capalgerie.dz\/index.php\/wp-json\/wp\/v2\/types\/post"}],"author":[{"embeddable":true,"href":"https:\/\/capalgerie.dz\/index.php\/wp-json\/wp\/v2\/users\/4"}],"replies":[{"embeddable":true,"href":"https:\/\/capalgerie.dz\/index.php\/wp-json\/wp\/v2\/comments?post=5144"}],"version-history":[{"count":1,"href":"https:\/\/capalgerie.dz\/index.php\/wp-json\/wp\/v2\/posts\/5144\/revisions"}],"predecessor-version":[{"id":5146,"href":"https:\/\/capalgerie.dz\/index.php\/wp-json\/wp\/v2\/posts\/5144\/revisions\/5146"}],"wp:featuredmedia":[{"embeddable":true,"href":"https:\/\/capalgerie.dz\/index.php\/wp-json\/wp\/v2\/media\/5145"}],"wp:attachment":[{"href":"https:\/\/capalgerie.dz\/index.php\/wp-json\/wp\/v2\/media?parent=5144"}],"wp:term":[{"taxonomy":"category","embeddable":true,"href":"https:\/\/capalgerie.dz\/index.php\/wp-json\/wp\/v2\/categories?post=5144"},{"taxonomy":"post_tag","embeddable":true,"href":"https:\/\/capalgerie.dz\/index.php\/wp-json\/wp\/v2\/tags?post=5144"}],"curies":[{"name":"wp","href":"https:\/\/api.w.org\/{rel}","templated":true}]}}