{"id":5279,"date":"2024-10-19T13:51:23","date_gmt":"2024-10-19T12:51:23","guid":{"rendered":"https:\/\/capalgerie.dz\/?p=5279"},"modified":"2024-10-19T13:51:23","modified_gmt":"2024-10-19T12:51:23","slug":"cuba-entierement-privee-delectricite-10-millions-dhabitants-dans-le-noir","status":"publish","type":"post","link":"https:\/\/capalgerie.dz\/index.php\/2024\/10\/19\/cuba-entierement-privee-delectricite-10-millions-dhabitants-dans-le-noir\/","title":{"rendered":"Cuba enti\u00e8rement priv\u00e9e d&rsquo;\u00e9lectricit\u00e9, 10 millions d&rsquo;habitants dans le noir"},"content":{"rendered":"<p>Cuba tentait vendredi soir de r\u00e9tablir son syst\u00e8me \u00e9lectrique, paralys\u00e9 par une panne g\u00e9ante qui a plong\u00e9 dans le noir ses 10 millions d&rsquo;habitants.<\/p>\n<p>\u00ab\u00a0Il n&rsquo;y aura pas de r\u00e9pit\u00a0\u00bb tant que le service ne sera pas \u00ab\u00a0totalement r\u00e9tabli\u00a0\u00bb, a d\u00e9clar\u00e9 vendredi soir le pr\u00e9sident Miguel Diaz-Canel, lors d&rsquo;une r\u00e9union de crise, retransmise par la t\u00e9l\u00e9vision d&rsquo;Etat. Cuba traverse une \u00ab\u00a0urgence \u00e9nerg\u00e9tique\u00a0\u00bb, a-t-il reconnu.<\/p>\n<p>\u00ab\u00a0Le syst\u00e8me est sans \u00e9lectricit\u00e9 dans tout le pays\u00a0\u00bb, apr\u00e8s l&rsquo;arr\u00eat de la centrale thermique Antonio Guiteras, dans le centre-ouest du pays, avait annonc\u00e9 \u00e0 la mi-journ\u00e9e \u00e0 la t\u00e9l\u00e9vision d&rsquo;Etat Lazaro Guerra, directeur g\u00e9n\u00e9ral de l&rsquo;\u00e9lectricit\u00e9 au minist\u00e8re de l&rsquo;Energie et des mines. M. Guerra a pr\u00e9cis\u00e9 que quand la centrale \u00e9lectrique s&rsquo;est arr\u00eat\u00e9e \u00ab\u00a0le syst\u00e8me s&rsquo;est effondr\u00e9\u00a0\u00bb, provoquant une panne g\u00e9ante.<\/p>\n<p>A la nuit tomb\u00e9e, les larges avenues de La Havane \u00e9taient plong\u00e9es dans le noir, \u00e0 l&rsquo;exception de points de lumi\u00e8re fournis par certains h\u00f4tels, h\u00f4pitaux et quelques restaurants pouvant faire fonctionner des g\u00e9n\u00e9rateurs, ont rapport\u00e9 des m\u00e9dias.<\/p>\n<p>Jeudi, le pr\u00e9sident cubain avait annonc\u00e9 que Cuba se trouvait en situation d'\u00a0\u00bburgence \u00e9nerg\u00e9tique\u00a0\u00bb face aux difficult\u00e9s pour acheter le combustible n\u00e9cessaire \u00e0 l&rsquo;alimentation de ses centrales, \u00e0 cause du renforcement de l&#8217;embargo que Washington impose \u00e0 l&rsquo;\u00eele communiste depuis 1962.<\/p>\n<p>\u00ab\u00a0C&rsquo;est une d\u00e9monstration de plus de tous les probl\u00e8mes que le blocus nous cause\u00a0\u00bb, a-t-il martel\u00e9 vendredi soir. APS<\/p>\n","protected":false},"excerpt":{"rendered":"<p>Cuba tentait vendredi soir de r\u00e9tablir son syst\u00e8me \u00e9lectrique, paralys\u00e9 par une panne g\u00e9ante qui a plong\u00e9 dans le noir ses 10 millions d&rsquo;habitants. \u00ab\u00a0Il <a href=\"https:\/\/capalgerie.dz\/index.php\/2024\/10\/19\/cuba-entierement-privee-delectricite-10-millions-dhabitants-dans-le-noir\/\" class=\"read-more-link\">Lire&#8230;<\/a><\/p>\n","protected":false},"author":4,"featured_media":5280,"comment_status":"open","ping_status":"open","sticky":false,"template":"","format":"standard","meta":{"_crdt_document":"","om_disable_all_campaigns":false,"_monsterinsights_skip_tracking":false,"_monsterinsights_sitenote_active":false,"_monsterinsights_sitenote_note":"","_monsterinsights_sitenote_category":0,"_uf_show_specific_survey":0,"_uf_disable_surveys":false,"episode_type":"","audio_file":"","podmotor_file_id":"","podmotor_episode_id":"","cover_image":"","cover_image_id":"","duration":"","filesize":"","filesize_raw":"","date_recorded":"","explicit":"","block":"","itunes_episode_number":"","itunes_title":"","itunes_season_number":"","itunes_episode_type":"","footnotes":""},"categories":[202],"tags":[],"class_list":["post-5279","post","type-post","status-publish","format-standard","has-post-thumbnail","hentry","category-monde"],"aioseo_notices":[],"_links":{"self":[{"href":"https:\/\/capalgerie.dz\/index.php\/wp-json\/wp\/v2\/posts\/5279","targetHints":{"allow":["GET"]}}],"collection":[{"href":"https:\/\/capalgerie.dz\/index.php\/wp-json\/wp\/v2\/posts"}],"about":[{"href":"https:\/\/capalgerie.dz\/index.php\/wp-json\/wp\/v2\/types\/post"}],"author":[{"embeddable":true,"href":"https:\/\/capalgerie.dz\/index.php\/wp-json\/wp\/v2\/users\/4"}],"replies":[{"embeddable":true,"href":"https:\/\/capalgerie.dz\/index.php\/wp-json\/wp\/v2\/comments?post=5279"}],"version-history":[{"count":1,"href":"https:\/\/capalgerie.dz\/index.php\/wp-json\/wp\/v2\/posts\/5279\/revisions"}],"predecessor-version":[{"id":5281,"href":"https:\/\/capalgerie.dz\/index.php\/wp-json\/wp\/v2\/posts\/5279\/revisions\/5281"}],"wp:featuredmedia":[{"embeddable":true,"href":"https:\/\/capalgerie.dz\/index.php\/wp-json\/wp\/v2\/media\/5280"}],"wp:attachment":[{"href":"https:\/\/capalgerie.dz\/index.php\/wp-json\/wp\/v2\/media?parent=5279"}],"wp:term":[{"taxonomy":"category","embeddable":true,"href":"https:\/\/capalgerie.dz\/index.php\/wp-json\/wp\/v2\/categories?post=5279"},{"taxonomy":"post_tag","embeddable":true,"href":"https:\/\/capalgerie.dz\/index.php\/wp-json\/wp\/v2\/tags?post=5279"}],"curies":[{"name":"wp","href":"https:\/\/api.w.org\/{rel}","templated":true}]}}