{"id":5337,"date":"2024-10-23T15:20:38","date_gmt":"2024-10-23T14:20:38","guid":{"rendered":"https:\/\/capalgerie.dz\/?p=5337"},"modified":"2024-10-23T15:20:38","modified_gmt":"2024-10-23T14:20:38","slug":"la-diffusion-dune-serie-televisee-mettant-en-scene-une-soldate-de-lentite-sioniste-souleve-un-tolle-au-maroc","status":"publish","type":"post","link":"https:\/\/capalgerie.dz\/index.php\/2024\/10\/23\/la-diffusion-dune-serie-televisee-mettant-en-scene-une-soldate-de-lentite-sioniste-souleve-un-tolle-au-maroc\/","title":{"rendered":"La diffusion d&rsquo;une s\u00e9rie t\u00e9l\u00e9vis\u00e9e mettant en sc\u00e8ne une soldate de l&rsquo;entit\u00e9 sioniste soul\u00e8ve un toll\u00e9 au Maroc"},"content":{"rendered":"<p>Une vive pol\u00e9mique agite le Maroc depuis le 28 septembre, suite \u00e0 la diffusion sur la cha\u00eene nationale \u00ab\u00a02M\u00a0\u00bb d&rsquo;une s\u00e9rie t\u00e9l\u00e9vis\u00e9e mettant en sc\u00e8ne une soldate de l&rsquo;entit\u00e9 sioniste. Cette programmation intervient dans un contexte particuli\u00e8rement sensible, alors que le conflit \u00e0 Gaza s&rsquo;intensifie.<\/p>\n<p>Sur les r\u00e9seaux sociaux, la controverse enfle autour de l&rsquo;actrice principale, dont la pr\u00e9sence \u00e0 l&rsquo;\u00e9cran suscite l&rsquo;indignation de nombreux Marocains oppos\u00e9s \u00e0 la normalisation des relations avec Isra\u00ebl. Selon Aziz Hannaoui, membre de l&rsquo;Observatoire marocain de lutte contre la normalisation, cette production s&rsquo;apparente \u00e0 \u00ab\u00a0une propagande cherchant \u00e0 l\u00e9gitimer les sionistes d&rsquo;origine marocaine\u00a0\u00bb.<\/p>\n<p>L&rsquo;Observatoire r\u00e9v\u00e8le que l&rsquo;actrice en question, qui se pr\u00e9sente comme r\u00e9sidente de Marrakech, vit en r\u00e9alit\u00e9 en Isra\u00ebl et n&rsquo;a obtenu ses documents d&rsquo;identit\u00e9 marocains qu&rsquo;en 2022. Plus probl\u00e9matique encore, elle aurait partag\u00e9 sur ses r\u00e9seaux sociaux des photos compromettantes avec des responsables militaires isra\u00e9liens, ainsi que des messages hostiles envers Gaza, depuis supprim\u00e9s mais document\u00e9s par l&rsquo;Observatoire.<\/p>\n<p>Le journaliste Mustafa El fane d\u00e9nonce quant \u00e0 lui le message sous-jacent de la s\u00e9rie, qu&rsquo;il interpr\u00e8te comme une invitation controvers\u00e9e aux juifs ayant quitt\u00e9 le Maroc \u00e0 y revenir. Face \u00e0 cette situation, le Front marocain de soutien \u00e0 la Palestine et de lutte contre la normalisation a appel\u00e9 \u00e0 manifester devant les locaux de 2M \u00e0 Rabat, exigeant l&rsquo;arr\u00eat imm\u00e9diat de la diffusion.<\/p>\n<p>Cette controverse illustre les tensions persistantes au Maroc concernant la normalisation des relations avec Isra\u00ebl, particuli\u00e8rement exacerb\u00e9es dans le contexte actuel du conflit \u00e0 Gaza. Les protestataires appellent la cha\u00eene \u00e0 suspendre la diffusion de la s\u00e9rie et \u00e0 pr\u00e9senter des excuses publiques. R.N<\/p>\n","protected":false},"excerpt":{"rendered":"<p>Une vive pol\u00e9mique agite le Maroc depuis le 28 septembre, suite \u00e0 la diffusion sur la cha\u00eene nationale \u00ab\u00a02M\u00a0\u00bb d&rsquo;une s\u00e9rie t\u00e9l\u00e9vis\u00e9e mettant en sc\u00e8ne <a href=\"https:\/\/capalgerie.dz\/index.php\/2024\/10\/23\/la-diffusion-dune-serie-televisee-mettant-en-scene-une-soldate-de-lentite-sioniste-souleve-un-tolle-au-maroc\/\" class=\"read-more-link\">Lire&#8230;<\/a><\/p>\n","protected":false},"author":2,"featured_media":5338,"comment_status":"open","ping_status":"open","sticky":false,"template":"","format":"standard","meta":{"_crdt_document":"","om_disable_all_campaigns":false,"_monsterinsights_skip_tracking":false,"_monsterinsights_sitenote_active":false,"_monsterinsights_sitenote_note":"","_monsterinsights_sitenote_category":0,"_uf_show_specific_survey":0,"_uf_disable_surveys":false,"episode_type":"","audio_file":"","podmotor_file_id":"","podmotor_episode_id":"","cover_image":"","cover_image_id":"","duration":"","filesize":"","filesize_raw":"","date_recorded":"","explicit":"","block":"","itunes_episode_number":"","itunes_title":"","itunes_season_number":"","itunes_episode_type":"","footnotes":""},"categories":[258,257],"tags":[],"class_list":["post-5337","post","type-post","status-publish","format-standard","has-post-thumbnail","hentry","category-alaune","category-afrique"],"aioseo_notices":[],"_links":{"self":[{"href":"https:\/\/capalgerie.dz\/index.php\/wp-json\/wp\/v2\/posts\/5337","targetHints":{"allow":["GET"]}}],"collection":[{"href":"https:\/\/capalgerie.dz\/index.php\/wp-json\/wp\/v2\/posts"}],"about":[{"href":"https:\/\/capalgerie.dz\/index.php\/wp-json\/wp\/v2\/types\/post"}],"author":[{"embeddable":true,"href":"https:\/\/capalgerie.dz\/index.php\/wp-json\/wp\/v2\/users\/2"}],"replies":[{"embeddable":true,"href":"https:\/\/capalgerie.dz\/index.php\/wp-json\/wp\/v2\/comments?post=5337"}],"version-history":[{"count":1,"href":"https:\/\/capalgerie.dz\/index.php\/wp-json\/wp\/v2\/posts\/5337\/revisions"}],"predecessor-version":[{"id":5339,"href":"https:\/\/capalgerie.dz\/index.php\/wp-json\/wp\/v2\/posts\/5337\/revisions\/5339"}],"wp:featuredmedia":[{"embeddable":true,"href":"https:\/\/capalgerie.dz\/index.php\/wp-json\/wp\/v2\/media\/5338"}],"wp:attachment":[{"href":"https:\/\/capalgerie.dz\/index.php\/wp-json\/wp\/v2\/media?parent=5337"}],"wp:term":[{"taxonomy":"category","embeddable":true,"href":"https:\/\/capalgerie.dz\/index.php\/wp-json\/wp\/v2\/categories?post=5337"},{"taxonomy":"post_tag","embeddable":true,"href":"https:\/\/capalgerie.dz\/index.php\/wp-json\/wp\/v2\/tags?post=5337"}],"curies":[{"name":"wp","href":"https:\/\/api.w.org\/{rel}","templated":true}]}}