{"id":5484,"date":"2024-11-05T20:26:32","date_gmt":"2024-11-05T19:26:32","guid":{"rendered":"https:\/\/capalgerie.dz\/?p=5484"},"modified":"2024-11-05T20:26:32","modified_gmt":"2024-11-05T19:26:32","slug":"communique-de-la-presidence-de-la-republique","status":"publish","type":"post","link":"https:\/\/capalgerie.dz\/index.php\/2024\/11\/05\/communique-de-la-presidence-de-la-republique\/","title":{"rendered":"Communiqu\u00e9 de la Pr\u00e9sidence de la R\u00e9publique"},"content":{"rendered":"<p>Le Pr\u00e9sident de la R\u00e9publique, M. Abdelmadjid Tebboune, a proc\u00e9d\u00e9 aujourd&rsquo;hui \u00e0 un mouvement partiel dans le corps des walis et des walis d\u00e9l\u00e9gu\u00e9s, conform\u00e9ment aux dispositions de l&rsquo;article 92 de la Constitution.<\/p>\n<p>Ainsi, les fonctions des walis suivants ont \u00e9t\u00e9 mises fin :<br \/>\n&#8211; Issa Aissat, en tant que wali de la wilaya d\u2019Oum El Bouaghi<br \/>\n&#8211; Amar Ali Bensaad, en tant que wali de la wilaya de Djelfa<br \/>\n&#8211; Houria Meddahi, en tant que wali de la wilaya de Skikda, pour occuper d&rsquo;autres fonctions<br \/>\n&#8211; Farid Mohammedi, en tant que wali de la wilaya de Mascara<br \/>\n&#8211; Youssef Mahiout, en tant que wali de la wilaya de Khenchela<br \/>\n&#8211; Mustapha Aghamir, en tant que wali de la wilaya de Bordj Badji Mokhtar<\/p>\n<p>De plus, les walis suivants ont \u00e9t\u00e9 transf\u00e9r\u00e9s dans leurs fonctions comme suit :<br \/>\n&#8211; Ali Bouguerra de la wilaya de Tiaret \u00e0 la wilaya d\u2019Adrar<br \/>\n&#8211; Benabdellah Chaib Dour de la wilaya de Djanet \u00e0 la wilaya d\u2019Oum El Bouaghi<br \/>\n&#8211; Ahmed Belhadad de la wilaya d\u2019Illizi \u00e0 la wilaya de T\u00e9bessa<br \/>\n&#8211; Sa\u00efd Khalil de la wilaya de T\u00e9bessa \u00e0 la wilaya de Tiaret<br \/>\n&#8211; Aboubakr Siddiq Bousseta de la wilaya de Tipaza \u00e0 la wilaya de Tizi Ouzou<br \/>\n&#8211; Jehid Mous de la wilaya de M\u00e9d\u00e9a \u00e0 la wilaya de Djelfa<br \/>\n&#8211; Sa\u00efd Khrouf de la wilaya d\u2019El Oued \u00e0 la wilaya de Skikda<br \/>\n&#8211; Djelali Domi de la wilaya de Tizi Ouzou \u00e0 la wilaya de M\u00e9d\u00e9a<br \/>\n&#8211; Larbi Behloul de la wilaya d\u2019Adrar \u00e0 la wilaya d\u2019El Oued<br \/>\n&#8211; Mohamed Moumen de la wilaya d\u2019A\u00efn T\u00e9mouchent \u00e0 la wilaya de Djanet<\/p>\n<p><strong>Les nouveaux walis nomm\u00e9s sont :<\/strong><\/p>\n<p>&#8211; Fouad A\u00efssi, wali de Mascara<br \/>\n&#8211; Ahsan Khaldi, wali d\u2019Illizi<br \/>\n&#8211; Salim Harizi, wali de Khenchela<br \/>\n&#8211; Ali Moulay, wali de Tipaza<br \/>\n&#8211; Mabrouk Ould Abdenabi, wali d\u2019A\u00efn T\u00e9mouchent<br \/>\n&#8211; Mahfoud Benfless, wali de Bordj Badji Mokhtar<\/p>\n<p>D&rsquo;autre part, les fonctions des walis d\u00e9l\u00e9gu\u00e9s suivants ont \u00e9t\u00e9 mises fin :<br \/>\n&#8211; Wassila Bouchachi, wali d\u00e9l\u00e9gu\u00e9e de la circonscription administrative de Draa Errich dans la wilaya d\u2019Annaba<br \/>\n&#8211; Abdelrahman Rahmani, wali d\u00e9l\u00e9gu\u00e9 de la circonscription administrative de Bir Mourad Rais dans la wilaya d\u2019Alger, pour occuper d\u2019autres fonctions<\/p>\n<p>Madame Khadija Saifi, wali d\u00e9l\u00e9gu\u00e9e de la circonscription administrative d\u2019Ali Mendjeli dans la wilaya de Constantine, a \u00e9t\u00e9 transf\u00e9r\u00e9e dans les m\u00eames fonctions \u00e0 la circonscription administrative de Zeralda dans la wilaya d\u2019Alger.<\/p>\n<p><strong>Les nouveaux walis d\u00e9l\u00e9gu\u00e9s nomm\u00e9s sont :<\/strong><\/p>\n<p>&#8211; Sadek Heddjar, wali d\u00e9l\u00e9gu\u00e9 de la circonscription administrative de Bir Mourad Rais dans la wilaya d\u2019Alger<br \/>\n&#8211; Bouzid Nour Seddat, wali d\u00e9l\u00e9gu\u00e9 de la circonscription administrative de Draa Errich dans la wilaya d\u2019Annaba<br \/>\n&#8211; Amrou Mechiche, wali d\u00e9l\u00e9gu\u00e9 de la circonscription administrative d\u2019Ali Mendjeli dans la wilaya de Constantine<\/p>\n","protected":false},"excerpt":{"rendered":"<p>Le Pr\u00e9sident de la R\u00e9publique, M. Abdelmadjid Tebboune, a proc\u00e9d\u00e9 aujourd&rsquo;hui \u00e0 un mouvement partiel dans le corps des walis et des walis d\u00e9l\u00e9gu\u00e9s, conform\u00e9ment <a href=\"https:\/\/capalgerie.dz\/index.php\/2024\/11\/05\/communique-de-la-presidence-de-la-republique\/\" class=\"read-more-link\">Lire&#8230;<\/a><\/p>\n","protected":false},"author":4,"featured_media":5486,"comment_status":"open","ping_status":"open","sticky":false,"template":"","format":"standard","meta":{"_crdt_document":"","om_disable_all_campaigns":false,"_monsterinsights_skip_tracking":false,"_monsterinsights_sitenote_active":false,"_monsterinsights_sitenote_note":"","_monsterinsights_sitenote_category":0,"_uf_show_specific_survey":0,"_uf_disable_surveys":false,"episode_type":"","audio_file":"","podmotor_file_id":"","podmotor_episode_id":"","cover_image":"","cover_image_id":"","duration":"","filesize":"","filesize_raw":"","date_recorded":"","explicit":"","block":"","itunes_episode_number":"","itunes_title":"","itunes_season_number":"","itunes_episode_type":"","footnotes":""},"categories":[258,198],"tags":[],"class_list":["post-5484","post","type-post","status-publish","format-standard","has-post-thumbnail","hentry","category-alaune","category-actualite"],"aioseo_notices":[],"_links":{"self":[{"href":"https:\/\/capalgerie.dz\/index.php\/wp-json\/wp\/v2\/posts\/5484","targetHints":{"allow":["GET"]}}],"collection":[{"href":"https:\/\/capalgerie.dz\/index.php\/wp-json\/wp\/v2\/posts"}],"about":[{"href":"https:\/\/capalgerie.dz\/index.php\/wp-json\/wp\/v2\/types\/post"}],"author":[{"embeddable":true,"href":"https:\/\/capalgerie.dz\/index.php\/wp-json\/wp\/v2\/users\/4"}],"replies":[{"embeddable":true,"href":"https:\/\/capalgerie.dz\/index.php\/wp-json\/wp\/v2\/comments?post=5484"}],"version-history":[{"count":1,"href":"https:\/\/capalgerie.dz\/index.php\/wp-json\/wp\/v2\/posts\/5484\/revisions"}],"predecessor-version":[{"id":5487,"href":"https:\/\/capalgerie.dz\/index.php\/wp-json\/wp\/v2\/posts\/5484\/revisions\/5487"}],"wp:featuredmedia":[{"embeddable":true,"href":"https:\/\/capalgerie.dz\/index.php\/wp-json\/wp\/v2\/media\/5486"}],"wp:attachment":[{"href":"https:\/\/capalgerie.dz\/index.php\/wp-json\/wp\/v2\/media?parent=5484"}],"wp:term":[{"taxonomy":"category","embeddable":true,"href":"https:\/\/capalgerie.dz\/index.php\/wp-json\/wp\/v2\/categories?post=5484"},{"taxonomy":"post_tag","embeddable":true,"href":"https:\/\/capalgerie.dz\/index.php\/wp-json\/wp\/v2\/tags?post=5484"}],"curies":[{"name":"wp","href":"https:\/\/api.w.org\/{rel}","templated":true}]}}