{"id":5541,"date":"2024-11-13T19:35:46","date_gmt":"2024-11-13T18:35:46","guid":{"rendered":"https:\/\/capalgerie.dz\/?p=5541"},"modified":"2024-11-13T19:35:46","modified_gmt":"2024-11-13T18:35:46","slug":"sommet-arabo-islamique-le-ministere-des-affaires-etrangeres-dement-des-propos-attribues-au-president-de-la-republique","status":"publish","type":"post","link":"https:\/\/capalgerie.dz\/index.php\/2024\/11\/13\/sommet-arabo-islamique-le-ministere-des-affaires-etrangeres-dement-des-propos-attribues-au-president-de-la-republique\/","title":{"rendered":"Sommet arabo-islamique : le minist\u00e8re des Affaires \u00e9trang\u00e8res d\u00e9ment des propos attribu\u00e9s au pr\u00e9sident de la R\u00e9publique"},"content":{"rendered":"<p>Dans un m\u00e9lange indu du commentaire et de la d\u00e9claration officielle \u00e9tablie, un organe de la presse priv\u00e9e a, abusivement, attribu\u00e9 au pr\u00e9sident de la R\u00e9publique des propos sans fondement.<br \/>\nCes propos auraient \u00e9t\u00e9, selon cet organe, tenus par le ministre des Affaires \u00e9trang\u00e8res au nom du pr\u00e9sident de la R\u00e9publique \u00e0 l\u2019occasion du dernier Sommet arabo-islamique de Riyad, indique le Minist\u00e8re dans un communiqu\u00e9. Comme en font foi la version \u00e9crite, autant qu\u2019audiovisuelle, la d\u00e9claration alg\u00e9rienne au Sommet de Riyad n\u2019appelle, en aucune mani\u00e8re et sous quelque forme que ce soit, \u00e0 une r\u00e9\u00e9dition de l\u2019embargo arabe de 1973. Une simple lecture de cette d\u00e9claration suffirait \u00e0 constater que les sanctions politiques, diplomatiques, \u00e9conomiques et militaires dont il est question sont celles dont l\u2019Alg\u00e9rie appelle \u00e0 imposer \u00e0 l\u2019entit\u00e9 sioniste pour l\u2019agression, le g\u00e9nocide, ainsi que les crimes de guerre et les crimes contre l\u2019humanit\u00e9 qu\u2019elle perp\u00e9tue impun\u00e9ment \u00e0 Ghaza et dans l\u2019ensemble de la r\u00e9gion, selon la m\u00eame source.<\/p>\n","protected":false},"excerpt":{"rendered":"<p>Dans un m\u00e9lange indu du commentaire et de la d\u00e9claration officielle \u00e9tablie, un organe de la presse priv\u00e9e a, abusivement, attribu\u00e9 au pr\u00e9sident de la <a href=\"https:\/\/capalgerie.dz\/index.php\/2024\/11\/13\/sommet-arabo-islamique-le-ministere-des-affaires-etrangeres-dement-des-propos-attribues-au-president-de-la-republique\/\" class=\"read-more-link\">Lire&#8230;<\/a><\/p>\n","protected":false},"author":4,"featured_media":5542,"comment_status":"open","ping_status":"open","sticky":false,"template":"","format":"standard","meta":{"_crdt_document":"","om_disable_all_campaigns":false,"_monsterinsights_skip_tracking":false,"_monsterinsights_sitenote_active":false,"_monsterinsights_sitenote_note":"","_monsterinsights_sitenote_category":0,"_uf_show_specific_survey":0,"_uf_disable_surveys":false,"episode_type":"","audio_file":"","podmotor_file_id":"","podmotor_episode_id":"","cover_image":"","cover_image_id":"","duration":"","filesize":"","filesize_raw":"","date_recorded":"","explicit":"","block":"","itunes_episode_number":"","itunes_title":"","itunes_season_number":"","itunes_episode_type":"","footnotes":""},"categories":[258,198],"tags":[],"class_list":["post-5541","post","type-post","status-publish","format-standard","has-post-thumbnail","hentry","category-alaune","category-actualite"],"aioseo_notices":[],"_links":{"self":[{"href":"https:\/\/capalgerie.dz\/index.php\/wp-json\/wp\/v2\/posts\/5541","targetHints":{"allow":["GET"]}}],"collection":[{"href":"https:\/\/capalgerie.dz\/index.php\/wp-json\/wp\/v2\/posts"}],"about":[{"href":"https:\/\/capalgerie.dz\/index.php\/wp-json\/wp\/v2\/types\/post"}],"author":[{"embeddable":true,"href":"https:\/\/capalgerie.dz\/index.php\/wp-json\/wp\/v2\/users\/4"}],"replies":[{"embeddable":true,"href":"https:\/\/capalgerie.dz\/index.php\/wp-json\/wp\/v2\/comments?post=5541"}],"version-history":[{"count":1,"href":"https:\/\/capalgerie.dz\/index.php\/wp-json\/wp\/v2\/posts\/5541\/revisions"}],"predecessor-version":[{"id":5543,"href":"https:\/\/capalgerie.dz\/index.php\/wp-json\/wp\/v2\/posts\/5541\/revisions\/5543"}],"wp:featuredmedia":[{"embeddable":true,"href":"https:\/\/capalgerie.dz\/index.php\/wp-json\/wp\/v2\/media\/5542"}],"wp:attachment":[{"href":"https:\/\/capalgerie.dz\/index.php\/wp-json\/wp\/v2\/media?parent=5541"}],"wp:term":[{"taxonomy":"category","embeddable":true,"href":"https:\/\/capalgerie.dz\/index.php\/wp-json\/wp\/v2\/categories?post=5541"},{"taxonomy":"post_tag","embeddable":true,"href":"https:\/\/capalgerie.dz\/index.php\/wp-json\/wp\/v2\/tags?post=5541"}],"curies":[{"name":"wp","href":"https:\/\/api.w.org\/{rel}","templated":true}]}}