{"id":5681,"date":"2024-12-09T14:25:33","date_gmt":"2024-12-09T13:25:33","guid":{"rendered":"https:\/\/capalgerie.dz\/?p=5681"},"modified":"2024-12-09T14:27:18","modified_gmt":"2024-12-09T13:27:18","slug":"la-jordanie-a-denonce-lundi-le-deploiement-la-veille-de-larmee-de-lentite-sioniste-dans-la-zone-tampon-du-golan-dans-le-sud-ouest-de-la-syrie","status":"publish","type":"post","link":"https:\/\/capalgerie.dz\/index.php\/2024\/12\/09\/la-jordanie-a-denonce-lundi-le-deploiement-la-veille-de-larmee-de-lentite-sioniste-dans-la-zone-tampon-du-golan-dans-le-sud-ouest-de-la-syrie\/","title":{"rendered":"D\u00e9ploiement de l&rsquo;arm\u00e9e de l&rsquo;entit\u00e9 sioniste dans la zone tampon du Golan dans le sud-ouest de la Syrie"},"content":{"rendered":"<p>La Jordanie a d\u00e9nonc\u00e9 lundi le d\u00e9ploiement la veille de l&rsquo;arm\u00e9e de l&rsquo;entit\u00e9 sioniste dans la zone tampon du Golan dans le sud-ouest de la Syrie.<br \/>\n\u00ab\u00a0Nous condamnons le fait que l&rsquo;entit\u00e9 sioniste soit entr\u00e9e sur le territoire syrien et ait pris le contr\u00f4le de la zone tampon\u00a0\u00bb, a dit le ministre des Affaires \u00e9trang\u00e8res, Aymane Safadi, devant le Parlement \u00e0 Amman.<br \/>\nIl a d\u00e9nonc\u00e9 \u00ab\u00a0une agression\u00a0\u00bb qui repr\u00e9sente \u00ab\u00a0une violation du droit international, une escalade inacceptable et une atteinte \u00e0 la souverainet\u00e9 d&rsquo;un Etat arabe\u00a0\u00bb.<br \/>\n\u00ab\u00a0Nous rejetons cat\u00e9goriquement cette agression et affirmons que, lorsque nous parlons de l&rsquo;unit\u00e9 de la Syrie, de son int\u00e9grit\u00e9 territoriale et de sa coh\u00e9sion, cela inclut \u00e9galement ses fronti\u00e8res\u00a0\u00bb, a-t-il insist\u00e9.<\/p>\n","protected":false},"excerpt":{"rendered":"<p>La Jordanie a d\u00e9nonc\u00e9 lundi le d\u00e9ploiement la veille de l&rsquo;arm\u00e9e de l&rsquo;entit\u00e9 sioniste dans la zone tampon du Golan dans le sud-ouest de la <a href=\"https:\/\/capalgerie.dz\/index.php\/2024\/12\/09\/la-jordanie-a-denonce-lundi-le-deploiement-la-veille-de-larmee-de-lentite-sioniste-dans-la-zone-tampon-du-golan-dans-le-sud-ouest-de-la-syrie\/\" class=\"read-more-link\">Lire&#8230;<\/a><\/p>\n","protected":false},"author":4,"featured_media":5682,"comment_status":"open","ping_status":"open","sticky":false,"template":"","format":"standard","meta":{"_crdt_document":"","om_disable_all_campaigns":false,"_monsterinsights_skip_tracking":false,"_monsterinsights_sitenote_active":false,"_monsterinsights_sitenote_note":"","_monsterinsights_sitenote_category":0,"_uf_show_specific_survey":0,"_uf_disable_surveys":false,"episode_type":"","audio_file":"","podmotor_file_id":"","podmotor_episode_id":"","cover_image":"","cover_image_id":"","duration":"","filesize":"","filesize_raw":"","date_recorded":"","explicit":"","block":"","itunes_episode_number":"","itunes_title":"","itunes_season_number":"","itunes_episode_type":"","footnotes":""},"categories":[202],"tags":[],"class_list":["post-5681","post","type-post","status-publish","format-standard","has-post-thumbnail","hentry","category-monde"],"aioseo_notices":[],"_links":{"self":[{"href":"https:\/\/capalgerie.dz\/index.php\/wp-json\/wp\/v2\/posts\/5681","targetHints":{"allow":["GET"]}}],"collection":[{"href":"https:\/\/capalgerie.dz\/index.php\/wp-json\/wp\/v2\/posts"}],"about":[{"href":"https:\/\/capalgerie.dz\/index.php\/wp-json\/wp\/v2\/types\/post"}],"author":[{"embeddable":true,"href":"https:\/\/capalgerie.dz\/index.php\/wp-json\/wp\/v2\/users\/4"}],"replies":[{"embeddable":true,"href":"https:\/\/capalgerie.dz\/index.php\/wp-json\/wp\/v2\/comments?post=5681"}],"version-history":[{"count":3,"href":"https:\/\/capalgerie.dz\/index.php\/wp-json\/wp\/v2\/posts\/5681\/revisions"}],"predecessor-version":[{"id":5685,"href":"https:\/\/capalgerie.dz\/index.php\/wp-json\/wp\/v2\/posts\/5681\/revisions\/5685"}],"wp:featuredmedia":[{"embeddable":true,"href":"https:\/\/capalgerie.dz\/index.php\/wp-json\/wp\/v2\/media\/5682"}],"wp:attachment":[{"href":"https:\/\/capalgerie.dz\/index.php\/wp-json\/wp\/v2\/media?parent=5681"}],"wp:term":[{"taxonomy":"category","embeddable":true,"href":"https:\/\/capalgerie.dz\/index.php\/wp-json\/wp\/v2\/categories?post=5681"},{"taxonomy":"post_tag","embeddable":true,"href":"https:\/\/capalgerie.dz\/index.php\/wp-json\/wp\/v2\/tags?post=5681"}],"curies":[{"name":"wp","href":"https:\/\/api.w.org\/{rel}","templated":true}]}}