{"id":5763,"date":"2025-01-07T14:08:38","date_gmt":"2025-01-07T13:08:38","guid":{"rendered":"https:\/\/capalgerie.dz\/?p=5763"},"modified":"2025-01-07T14:08:38","modified_gmt":"2025-01-07T13:08:38","slug":"larrogance-de-macron-suscite-lindignation-du-tchad-un-appel-ferme-au-respect-de-lafrique","status":"publish","type":"post","link":"https:\/\/capalgerie.dz\/index.php\/2025\/01\/07\/larrogance-de-macron-suscite-lindignation-du-tchad-un-appel-ferme-au-respect-de-lafrique\/","title":{"rendered":"L&rsquo;arrogance de Macron suscite l&rsquo;indignation du Tchad : Un appel ferme au respect de l&rsquo;Afrique"},"content":{"rendered":"<p>Dans une vive riposte aux d\u00e9clarations du pr\u00e9sident fran\u00e7ais Emmanuel Macron, le Tchad a exprim\u00e9 ce lundi sa profonde indignation par la voix de son ministre des Affaires \u00e9trang\u00e8res, Abderaman Koulamallah. Cette r\u00e9action fait suite aux propos controvers\u00e9s tenus par le pr\u00e9sident fran\u00e7ais lors de la conf\u00e9rence des ambassadeurs, o\u00f9 il reprochait aux dirigeants africains de ne pas avoir remerci\u00e9 la France pour son engagement dans la lutte antiterroriste au Sahel.<\/p>\n<p>Le ministre tchadien, \u00e9galement porte-parole du gouvernement, a fermement d\u00e9nonc\u00e9 \u00ab\u00a0une attitude m\u00e9prisante \u00e0 l&rsquo;\u00e9gard de l&rsquo;Afrique et des Africains\u00a0\u00bb. Cette r\u00e9ponse fait \u00e9cho aux d\u00e9clarations de Macron selon lesquelles \u00ab\u00a0aucun d&rsquo;entre eux ne serait aujourd&rsquo;hui avec un pays souverain si l&rsquo;arm\u00e9e fran\u00e7aise ne s&rsquo;\u00e9tait pas d\u00e9ploy\u00e9e dans cette r\u00e9gion\u00a0\u00bb.<\/p>\n<p>Dans un communiqu\u00e9 officiel, Koulamallah a tenu \u00e0 pr\u00e9ciser la position de son pays : si le Tchad \u00ab\u00a0n&rsquo;a aucun probl\u00e8me avec la France en tant que nation ni avec le peuple fran\u00e7ais\u00a0\u00bb, il estime n\u00e9anmoins que \u00ab\u00a0les dirigeants fran\u00e7ais doivent apprendre \u00e0 respecter le peuple africain et reconna\u00eetre la valeur de ses sacrifices\u00a0\u00bb.<\/p>\n<p>Le ministre a particuli\u00e8rement insist\u00e9 sur la contribution historique de l&rsquo;Afrique \u00e0 la lib\u00e9ration de la France durant les deux guerres mondiales, \u00ab\u00a0un fait que la France n&rsquo;a jamais v\u00e9ritablement reconnu\u00a0\u00bb. Il a soulign\u00e9 que \u00ab\u00a0les sacrifices immenses consentis par les soldats africains pour d\u00e9fendre la libert\u00e9 de la France ont \u00e9t\u00e9 minimis\u00e9s, et aucun remerciement digne de ce nom n&rsquo;a \u00e9t\u00e9 exprim\u00e9\u00a0\u00bb.<\/p>\n<p>Concernant l&rsquo;arm\u00e9e tchadienne, le porte-parole a r\u00e9fut\u00e9 cat\u00e9goriquement toute dette envers la France : \u00ab\u00a0Notre arm\u00e9e, forte et r\u00e9siliente, est le fruit de la bravoure du peuple tchadien et des sacrifices consentis avec des moyens modestes\u00a0\u00bb. Il a notamment point\u00e9 que \u00ab\u00a0la France n&rsquo;a jamais dot\u00e9 l&rsquo;arm\u00e9e tchadienne de mani\u00e8re significative ni contribu\u00e9 \u00e0 son d\u00e9veloppement structurel\u00a0\u00bb durant ses 60 ann\u00e9es de pr\u00e9sence.<\/p>\n<p>Le ministre tchadien a invit\u00e9 le pr\u00e9sident Macron \u00e0 \u00ab\u00a0concentrer ses efforts sur la r\u00e9solution des probl\u00e8mes qui pr\u00e9occupent le peuple fran\u00e7ais\u00a0\u00bb plut\u00f4t que de s&rsquo;en prendre \u00e0 l&rsquo;Afrique, illustrant ainsi la volont\u00e9 du continent de s&rsquo;\u00e9manciper d&rsquo;un paternalisme historique d\u00e9sormais jug\u00e9 anachronique.<\/p>\n","protected":false},"excerpt":{"rendered":"<p>Dans une vive riposte aux d\u00e9clarations du pr\u00e9sident fran\u00e7ais Emmanuel Macron, le Tchad a exprim\u00e9 ce lundi sa profonde indignation par la voix de son <a href=\"https:\/\/capalgerie.dz\/index.php\/2025\/01\/07\/larrogance-de-macron-suscite-lindignation-du-tchad-un-appel-ferme-au-respect-de-lafrique\/\" class=\"read-more-link\">Lire&#8230;<\/a><\/p>\n","protected":false},"author":4,"featured_media":5764,"comment_status":"open","ping_status":"open","sticky":false,"template":"","format":"standard","meta":{"_crdt_document":"","om_disable_all_campaigns":false,"_monsterinsights_skip_tracking":false,"_monsterinsights_sitenote_active":false,"_monsterinsights_sitenote_note":"","_monsterinsights_sitenote_category":0,"_uf_show_specific_survey":0,"_uf_disable_surveys":false,"episode_type":"","audio_file":"","podmotor_file_id":"","podmotor_episode_id":"","cover_image":"","cover_image_id":"","duration":"","filesize":"","filesize_raw":"","date_recorded":"","explicit":"","block":"","itunes_episode_number":"","itunes_title":"","itunes_season_number":"","itunes_episode_type":"","footnotes":""},"categories":[258,257],"tags":[],"class_list":["post-5763","post","type-post","status-publish","format-standard","has-post-thumbnail","hentry","category-alaune","category-afrique"],"aioseo_notices":[],"_links":{"self":[{"href":"https:\/\/capalgerie.dz\/index.php\/wp-json\/wp\/v2\/posts\/5763","targetHints":{"allow":["GET"]}}],"collection":[{"href":"https:\/\/capalgerie.dz\/index.php\/wp-json\/wp\/v2\/posts"}],"about":[{"href":"https:\/\/capalgerie.dz\/index.php\/wp-json\/wp\/v2\/types\/post"}],"author":[{"embeddable":true,"href":"https:\/\/capalgerie.dz\/index.php\/wp-json\/wp\/v2\/users\/4"}],"replies":[{"embeddable":true,"href":"https:\/\/capalgerie.dz\/index.php\/wp-json\/wp\/v2\/comments?post=5763"}],"version-history":[{"count":1,"href":"https:\/\/capalgerie.dz\/index.php\/wp-json\/wp\/v2\/posts\/5763\/revisions"}],"predecessor-version":[{"id":5765,"href":"https:\/\/capalgerie.dz\/index.php\/wp-json\/wp\/v2\/posts\/5763\/revisions\/5765"}],"wp:featuredmedia":[{"embeddable":true,"href":"https:\/\/capalgerie.dz\/index.php\/wp-json\/wp\/v2\/media\/5764"}],"wp:attachment":[{"href":"https:\/\/capalgerie.dz\/index.php\/wp-json\/wp\/v2\/media?parent=5763"}],"wp:term":[{"taxonomy":"category","embeddable":true,"href":"https:\/\/capalgerie.dz\/index.php\/wp-json\/wp\/v2\/categories?post=5763"},{"taxonomy":"post_tag","embeddable":true,"href":"https:\/\/capalgerie.dz\/index.php\/wp-json\/wp\/v2\/tags?post=5763"}],"curies":[{"name":"wp","href":"https:\/\/api.w.org\/{rel}","templated":true}]}}