{"id":5838,"date":"2025-01-15T13:46:12","date_gmt":"2025-01-15T12:46:12","guid":{"rendered":"https:\/\/capalgerie.dz\/?p=5838"},"modified":"2025-01-15T13:46:12","modified_gmt":"2025-01-15T12:46:12","slug":"m-ghrieb-souligne-a-limportance-de-relancer-les-biens-economiques-recuperes","status":"publish","type":"post","link":"https:\/\/capalgerie.dz\/index.php\/2025\/01\/15\/m-ghrieb-souligne-a-limportance-de-relancer-les-biens-economiques-recuperes\/","title":{"rendered":"M. Ghrieb souligne \u00e0 l\u2019importance de relancer les biens \u00e9conomiques r\u00e9cup\u00e9r\u00e9s"},"content":{"rendered":"<p>Le ministre de l\u2019Industrie et de la Production pharmaceutique, Sifi Ghrieb a mis l\u2019accent, hier mardi \u00e0 Adrar, sur l\u2019importance de relancer l\u2019activit\u00e9 des biens \u00e9conomiques r\u00e9cup\u00e9r\u00e9s pour renforcer l\u2019\u00e9conomie de la wilaya.<\/p>\n<p>S\u2019exprimant lors de sa visite de travail dans cette collectivit\u00e9, le ministre a indiqu\u00e9 qu\u2019\u00abil appartient de relancer l\u2019activit\u00e9 des biens \u00e9conomiques saisis et r\u00e9cup\u00e9r\u00e9s, en vue de renforcer l\u2019action de d\u00e9veloppement \u00e9conomique et sociale dans cette wilaya\u00bb, assurant de l\u2019existence d\u2019une \u00abforte volont\u00e9 et d\u00e9termination en ce sens\u00bb.<\/p>\n<p>Ghrieb a mis l\u2019accent, \u00e0 ce propos, sur \u00abl\u2019imp\u00e9ratif respect des \u00e9ch\u00e9ances arr\u00eat\u00e9es pour la relance de ces projets qui auront un impact positif sur le d\u00e9veloppement \u00e9conomique de la wilaya d\u2019Adrar appel\u00e9e \u00e0 constituer un p\u00f4le industriel national\u00bb.<\/p>\n<p>Il a appel\u00e9, en outre, \u00e0 promouvoir l\u2019activit\u00e9 industrielle afin de concr\u00e9tiser les orientations des hautes autorit\u00e9s du pays pour relever les d\u00e9fis \u00e9conomiques actuels, \u00e0 l\u2019\u00e9chelle nationale et internationale, soulignant, \u00e0 cet \u00e9gard, que \u00abla r\u00e9cup\u00e9ration des biens saisis et la relance de leurs activit\u00e9s visent \u00e0 appuyer le d\u00e9veloppement, pr\u00e9server les droits des travailleurs et cr\u00e9er des emplois\u00bb.<\/p>\n<p>Lors de cette tourn\u00e9e de travail, le ministre de l\u2019Industrie a visit\u00e9 plusieurs unit\u00e9s industrielles figurant parmi les biens saisis et r\u00e9cup\u00e9r\u00e9s par l\u2019Etat dans les communes d\u2019Adrar et Timekt\u00e8ne, \u00e0 l\u2019instar d\u2019une minoterie et d\u2019une exploitation agricole de production de coton, qui ont \u00e9t\u00e9 transf\u00e9r\u00e9es au groupe public Agrodiv, une unit\u00e9 d\u2019enfutage de bombonnes de gaz transf\u00e9r\u00e9e \u00e0 l\u2019entreprise Naftal, et un projet de village touristique transf\u00e9r\u00e9 au groupe public d\u2019h\u00f4tellerie, tourisme et thermalisme.<\/p>\n<p>La d\u00e9l\u00e9gation minist\u00e9rielle s\u2019est enquise \u00e9galement du projet int\u00e9gr\u00e9 alg\u00e9ro-qatari \u00abBaladna\u00bb de production de lait en poudre, de son extension comprenant une unit\u00e9 de production de lait pour enfant, en plus d\u2019inspecter l\u2019op\u00e9ration de r\u00e9habilitation de la cimenterie relevant du groupe GICA, appel\u00e9e \u00e0 reprendre ses activit\u00e9s en juillet prochain.<\/p>\n<p>Un expos\u00e9 a \u00e9t\u00e9 pr\u00e9sent\u00e9 par les repr\u00e9sentants du groupe GICA concernant les capacit\u00e9s de production de la cimenterie, estim\u00e9e \u00e0 plus d\u2019un (1) million de tonnes\/an, les contraintes rencontr\u00e9es, notamment en mati\u00e8re de raccordement au r\u00e9seau \u00e9lectrique sur 17 km, en attendant la r\u00e9habilitation de la station de production d\u2019\u00e9lectricit\u00e9 de l\u2019unit\u00e9 en question, et le rev\u00eatement du tron\u00e7on restant de la route menant vers la cimenterie.<\/p>\n<p>Le ministre de l\u2019Industrie a cl\u00f4tur\u00e9 sa visite de travail dans la wilaya d\u2019Adrar par une s\u00e9ance de travail avec les autorit\u00e9s locales et les cadres centraux l\u2019accompagnant. APS<\/p>\n","protected":false},"excerpt":{"rendered":"<p>Le ministre de l\u2019Industrie et de la Production pharmaceutique, Sifi Ghrieb a mis l\u2019accent, hier mardi \u00e0 Adrar, sur l\u2019importance de relancer l\u2019activit\u00e9 des biens <a href=\"https:\/\/capalgerie.dz\/index.php\/2025\/01\/15\/m-ghrieb-souligne-a-limportance-de-relancer-les-biens-economiques-recuperes\/\" class=\"read-more-link\">Lire&#8230;<\/a><\/p>\n","protected":false},"author":4,"featured_media":5839,"comment_status":"open","ping_status":"open","sticky":false,"template":"","format":"standard","meta":{"_crdt_document":"","om_disable_all_campaigns":false,"_monsterinsights_skip_tracking":false,"_monsterinsights_sitenote_active":false,"_monsterinsights_sitenote_note":"","_monsterinsights_sitenote_category":0,"_uf_show_specific_survey":0,"_uf_disable_surveys":false,"episode_type":"","audio_file":"","podmotor_file_id":"","podmotor_episode_id":"","cover_image":"","cover_image_id":"","duration":"","filesize":"","filesize_raw":"","date_recorded":"","explicit":"","block":"","itunes_episode_number":"","itunes_title":"","itunes_season_number":"","itunes_episode_type":"","footnotes":""},"categories":[200],"tags":[],"class_list":["post-5838","post","type-post","status-publish","format-standard","has-post-thumbnail","hentry","category-economie"],"aioseo_notices":[],"_links":{"self":[{"href":"https:\/\/capalgerie.dz\/index.php\/wp-json\/wp\/v2\/posts\/5838","targetHints":{"allow":["GET"]}}],"collection":[{"href":"https:\/\/capalgerie.dz\/index.php\/wp-json\/wp\/v2\/posts"}],"about":[{"href":"https:\/\/capalgerie.dz\/index.php\/wp-json\/wp\/v2\/types\/post"}],"author":[{"embeddable":true,"href":"https:\/\/capalgerie.dz\/index.php\/wp-json\/wp\/v2\/users\/4"}],"replies":[{"embeddable":true,"href":"https:\/\/capalgerie.dz\/index.php\/wp-json\/wp\/v2\/comments?post=5838"}],"version-history":[{"count":1,"href":"https:\/\/capalgerie.dz\/index.php\/wp-json\/wp\/v2\/posts\/5838\/revisions"}],"predecessor-version":[{"id":5840,"href":"https:\/\/capalgerie.dz\/index.php\/wp-json\/wp\/v2\/posts\/5838\/revisions\/5840"}],"wp:featuredmedia":[{"embeddable":true,"href":"https:\/\/capalgerie.dz\/index.php\/wp-json\/wp\/v2\/media\/5839"}],"wp:attachment":[{"href":"https:\/\/capalgerie.dz\/index.php\/wp-json\/wp\/v2\/media?parent=5838"}],"wp:term":[{"taxonomy":"category","embeddable":true,"href":"https:\/\/capalgerie.dz\/index.php\/wp-json\/wp\/v2\/categories?post=5838"},{"taxonomy":"post_tag","embeddable":true,"href":"https:\/\/capalgerie.dz\/index.php\/wp-json\/wp\/v2\/tags?post=5838"}],"curies":[{"name":"wp","href":"https:\/\/api.w.org\/{rel}","templated":true}]}}