{"id":5869,"date":"2025-01-19T15:29:08","date_gmt":"2025-01-19T14:29:08","guid":{"rendered":"https:\/\/capalgerie.dz\/?p=5869"},"modified":"2026-03-28T18:14:26","modified_gmt":"2026-03-28T17:14:26","slug":"assises-nationales-sur-le-cinema-le-president-de-la-republique-souligne-linteret-accorde-par-letat-a-la-culture-et-lactivite-audiovisuelle","status":"publish","type":"post","link":"https:\/\/capalgerie.dz\/index.php\/2025\/01\/19\/assises-nationales-sur-le-cinema-le-president-de-la-republique-souligne-linteret-accorde-par-letat-a-la-culture-et-lactivite-audiovisuelle\/","title":{"rendered":"Assises nationales sur le cin\u00e9ma : le pr\u00e9sident de la R\u00e9publique souligne l&rsquo;int\u00e9r\u00eat accord\u00e9 par l&rsquo;Etat \u00e0 la culture et l&rsquo;activit\u00e9 audiovisuelle"},"content":{"rendered":"<p>Le pr\u00e9sident de la R\u00e9publique, M. Abdelmadjid Tebboune, a affirm\u00e9 lors de l&rsquo;ouverture des assises nationales sur le cin\u00e9ma qu&rsquo;il a pr\u00e9sid\u00e9e, dimanche au Centre international de conf\u00e9rences (CIC) Abdelatif-Rahal (Alger), l&rsquo;int\u00e9r\u00eat accord\u00e9 par l&rsquo;\u00c9tat \u00e0 la culture et \u00e0 l&rsquo;activit\u00e9 audiovisuelle afin de r\u00e9pondre aux attentes des cr\u00e9ateurs et intellectuels dans le domaine de l&rsquo;industrie cin\u00e9matographique.<\/p>\n<p>Dans une allocution prononc\u00e9e \u00e0 l&rsquo;occasion, le pr\u00e9sident de la R\u00e9publique a indiqu\u00e9 que ces assises \u00abtraduisent tout l&rsquo;int\u00e9r\u00eat que nous portons \u00e0 la culture, en premier lieu, et \u00e0 l&rsquo;activit\u00e9 audiovisuelle, \u00e9tant l&rsquo;un de ses vecteurs, ainsi qu&rsquo;aux attentes des cr\u00e9ateurs et intellectuels dans le domaine de l&rsquo;industrie cin\u00e9matographique\u00bb.<\/p>\n<p>Le pr\u00e9sident de la R\u00e9publique a r\u00e9v\u00e9l\u00e9 qu&rsquo;il \u00abaccorde un int\u00e9r\u00eat particulier \u00e0 l&rsquo;industrie cin\u00e9matographique qui doit retrouver son \u00e9clat et s&rsquo;inspirer de son capital r\u00e9alis\u00e9 par une g\u00e9n\u00e9ration pionni\u00e8re parmi les artisans du 7e art dans les ann\u00e9es 70 du si\u00e8cle dernier\u00bb.<\/p>\n<p>Le pr\u00e9sident de la R\u00e9publique a appel\u00e9 aussi les diff\u00e9rents acteurs participant \u00e0 ces assises \u00ab\u00e0 d\u00e9finir les contours de l&rsquo;avenir du cin\u00e9ma alg\u00e9rien, \u00e0 travers des id\u00e9es et des visions innovantes qui feront de cette industrie renouvel\u00e9e un miroir culturel refl\u00e9tant la personnalit\u00e9 alg\u00e9rienne et l&rsquo;identit\u00e9 nationale\u00bb.<\/p>\n<p>\u00abIl est grand temps pour la culture d&rsquo;\u00eatre le couronnement de ce progr\u00e8s et de cette nouvelle dynamique de d\u00e9veloppement que vit l\u2019Alg\u00e9rie\u00bb, a-t-il soutenu.<\/p>\n<p>Apr\u00e8s avoir suivi un film documentaire sur l&rsquo;histoire de la culture et du cin\u00e9ma en Alg\u00e9rie, le pr\u00e9sident de la R\u00e9publique a d\u00e9clar\u00e9: \u00abce film documentaire sur l\u2019histoire de notre pays nous laisse sans voix\u00bb, pr\u00e9sentant ses remerciements \u00e0 \u00abtous ceux qui ont fait la gloire du cin\u00e9ma alg\u00e9rien\u00bb.<\/p>\n<p>\u00abLe cin\u00e9ma alg\u00e9rien n&rsquo;est pas n\u00e9 fortuitement, mais plut\u00f4t d&rsquo;une volont\u00e9 r\u00e9volutionnaire\u00bb, a-t-il soulign\u00e9, rappelant que les pionniers du cin\u00e9ma alg\u00e9rien \u00e9taient des Moudjahidine pour la patrie.<\/p>\n<p>A cette occasion, le pr\u00e9sident de la R\u00e9publique s\u2019est recueilli \u00e0 la m\u00e9moire des pionniers du septi\u00e8me Art d\u00e9c\u00e9d\u00e9s, rendant hommage, par l\u00e0 m\u00eame \u00e0 ceux qui adh\u00e8rent, toujours, aux efforts de l\u2019Etat pour promouvoir l\u2019industrie cin\u00e9matographique. APS<\/p>\n","protected":false},"excerpt":{"rendered":"<p>Le pr\u00e9sident de la R\u00e9publique, M. Abdelmadjid Tebboune, a affirm\u00e9 lors de l&rsquo;ouverture des assises nationales sur le cin\u00e9ma qu&rsquo;il a pr\u00e9sid\u00e9e, dimanche au Centre <a href=\"https:\/\/capalgerie.dz\/index.php\/2025\/01\/19\/assises-nationales-sur-le-cinema-le-president-de-la-republique-souligne-linteret-accorde-par-letat-a-la-culture-et-lactivite-audiovisuelle\/\" class=\"read-more-link\">Lire&#8230;<\/a><\/p>\n","protected":false},"author":4,"featured_media":5871,"comment_status":"open","ping_status":"open","sticky":false,"template":"","format":"standard","meta":{"_crdt_document":"","om_disable_all_campaigns":false,"_monsterinsights_skip_tracking":false,"_monsterinsights_sitenote_active":false,"_monsterinsights_sitenote_note":"","_monsterinsights_sitenote_category":0,"_uf_show_specific_survey":0,"_uf_disable_surveys":false,"episode_type":"","audio_file":"","podmotor_file_id":"","podmotor_episode_id":"","cover_image":"","cover_image_id":"","duration":"","filesize":"","filesize_raw":"","date_recorded":"","explicit":"","block":"","itunes_episode_number":"","itunes_title":"","itunes_season_number":"","itunes_episode_type":"","footnotes":""},"categories":[198],"tags":[],"class_list":["post-5869","post","type-post","status-publish","format-standard","has-post-thumbnail","hentry","category-actualite"],"aioseo_notices":[],"_links":{"self":[{"href":"https:\/\/capalgerie.dz\/index.php\/wp-json\/wp\/v2\/posts\/5869","targetHints":{"allow":["GET"]}}],"collection":[{"href":"https:\/\/capalgerie.dz\/index.php\/wp-json\/wp\/v2\/posts"}],"about":[{"href":"https:\/\/capalgerie.dz\/index.php\/wp-json\/wp\/v2\/types\/post"}],"author":[{"embeddable":true,"href":"https:\/\/capalgerie.dz\/index.php\/wp-json\/wp\/v2\/users\/4"}],"replies":[{"embeddable":true,"href":"https:\/\/capalgerie.dz\/index.php\/wp-json\/wp\/v2\/comments?post=5869"}],"version-history":[{"count":1,"href":"https:\/\/capalgerie.dz\/index.php\/wp-json\/wp\/v2\/posts\/5869\/revisions"}],"predecessor-version":[{"id":5872,"href":"https:\/\/capalgerie.dz\/index.php\/wp-json\/wp\/v2\/posts\/5869\/revisions\/5872"}],"wp:featuredmedia":[{"embeddable":true,"href":"https:\/\/capalgerie.dz\/index.php\/wp-json\/wp\/v2\/media\/5871"}],"wp:attachment":[{"href":"https:\/\/capalgerie.dz\/index.php\/wp-json\/wp\/v2\/media?parent=5869"}],"wp:term":[{"taxonomy":"category","embeddable":true,"href":"https:\/\/capalgerie.dz\/index.php\/wp-json\/wp\/v2\/categories?post=5869"},{"taxonomy":"post_tag","embeddable":true,"href":"https:\/\/capalgerie.dz\/index.php\/wp-json\/wp\/v2\/tags?post=5869"}],"curies":[{"name":"wp","href":"https:\/\/api.w.org\/{rel}","templated":true}]}}