{"id":6166,"date":"2025-02-10T16:36:50","date_gmt":"2025-02-10T15:36:50","guid":{"rendered":"https:\/\/capalgerie.dz\/?p=6166"},"modified":"2025-02-10T16:36:50","modified_gmt":"2025-02-10T15:36:50","slug":"prise-en-charge-des-femmes-victimes-de-violence-le-president-de-la-republique-insiste-sur-la-protection-de-la-femme","status":"publish","type":"post","link":"https:\/\/capalgerie.dz\/index.php\/2025\/02\/10\/prise-en-charge-des-femmes-victimes-de-violence-le-president-de-la-republique-insiste-sur-la-protection-de-la-femme\/","title":{"rendered":"Prise en charge des femmes victimes de violence: le pr\u00e9sident de la R\u00e9publique insiste sur la protection de la femme"},"content":{"rendered":"<p>Le pr\u00e9sident de la R\u00e9publique, M. Abdelmadjid Tebboune a mis l&rsquo;accent, lors de la r\u00e9union du Conseil des ministres qu&rsquo;il a pr\u00e9sid\u00e9e, dimanche, sur la protection de la femme, quel que soit sa position et son r\u00f4le au sein de la soci\u00e9t\u00e9, indique un communiqu\u00e9 du Conseil des ministres.<\/p>\n<p>Concernant les m\u00e9canismes de prise en charge des femmes victimes de violence, \u00ab\u00a0monsieur le pr\u00e9sident de la R\u00e9publique a mis l&rsquo;accent sur la protection de la femme, quel que soit sa position et son r\u00f4le au sein de la soci\u00e9t\u00e9, d&rsquo;autant plus qu&rsquo;elle occupe, aujourd&rsquo;hui, une place importante dans diff\u00e9rents domaines\u00a0\u00bb, pr\u00e9cise le communiqu\u00e9.<\/p>\n<p>Pour ce faire, \u00ab\u00a0monsieur le pr\u00e9sident de la R\u00e9publique a charg\u00e9 le ministre de la Justice, garde des Sceaux, ainsi que la ministre de la Solidarit\u00e9 nationale, de la Famille et de la Condition de la femme, de coordonner avec le Premier ministre, en vue de trouver des m\u00e9canismes juridiques suppl\u00e9mentaires pour prot\u00e9ger la femme au maximum\u00a0\u00bb. APS<\/p>\n","protected":false},"excerpt":{"rendered":"<p>Le pr\u00e9sident de la R\u00e9publique, M. Abdelmadjid Tebboune a mis l&rsquo;accent, lors de la r\u00e9union du Conseil des ministres qu&rsquo;il a pr\u00e9sid\u00e9e, dimanche, sur la <a href=\"https:\/\/capalgerie.dz\/index.php\/2025\/02\/10\/prise-en-charge-des-femmes-victimes-de-violence-le-president-de-la-republique-insiste-sur-la-protection-de-la-femme\/\" class=\"read-more-link\">Lire&#8230;<\/a><\/p>\n","protected":false},"author":4,"featured_media":6167,"comment_status":"open","ping_status":"open","sticky":false,"template":"","format":"standard","meta":{"_crdt_document":"","om_disable_all_campaigns":false,"_monsterinsights_skip_tracking":false,"_monsterinsights_sitenote_active":false,"_monsterinsights_sitenote_note":"","_monsterinsights_sitenote_category":0,"_uf_show_specific_survey":0,"_uf_disable_surveys":false,"episode_type":"","audio_file":"","podmotor_file_id":"","podmotor_episode_id":"","cover_image":"","cover_image_id":"","duration":"","filesize":"","filesize_raw":"","date_recorded":"","explicit":"","block":"","itunes_episode_number":"","itunes_title":"","itunes_season_number":"","itunes_episode_type":"","footnotes":""},"categories":[258,198],"tags":[],"class_list":["post-6166","post","type-post","status-publish","format-standard","has-post-thumbnail","hentry","category-alaune","category-actualite"],"aioseo_notices":[],"_links":{"self":[{"href":"https:\/\/capalgerie.dz\/index.php\/wp-json\/wp\/v2\/posts\/6166","targetHints":{"allow":["GET"]}}],"collection":[{"href":"https:\/\/capalgerie.dz\/index.php\/wp-json\/wp\/v2\/posts"}],"about":[{"href":"https:\/\/capalgerie.dz\/index.php\/wp-json\/wp\/v2\/types\/post"}],"author":[{"embeddable":true,"href":"https:\/\/capalgerie.dz\/index.php\/wp-json\/wp\/v2\/users\/4"}],"replies":[{"embeddable":true,"href":"https:\/\/capalgerie.dz\/index.php\/wp-json\/wp\/v2\/comments?post=6166"}],"version-history":[{"count":1,"href":"https:\/\/capalgerie.dz\/index.php\/wp-json\/wp\/v2\/posts\/6166\/revisions"}],"predecessor-version":[{"id":6168,"href":"https:\/\/capalgerie.dz\/index.php\/wp-json\/wp\/v2\/posts\/6166\/revisions\/6168"}],"wp:featuredmedia":[{"embeddable":true,"href":"https:\/\/capalgerie.dz\/index.php\/wp-json\/wp\/v2\/media\/6167"}],"wp:attachment":[{"href":"https:\/\/capalgerie.dz\/index.php\/wp-json\/wp\/v2\/media?parent=6166"}],"wp:term":[{"taxonomy":"category","embeddable":true,"href":"https:\/\/capalgerie.dz\/index.php\/wp-json\/wp\/v2\/categories?post=6166"},{"taxonomy":"post_tag","embeddable":true,"href":"https:\/\/capalgerie.dz\/index.php\/wp-json\/wp\/v2\/tags?post=6166"}],"curies":[{"name":"wp","href":"https:\/\/api.w.org\/{rel}","templated":true}]}}