{"id":6225,"date":"2025-02-12T15:52:29","date_gmt":"2025-02-12T14:52:29","guid":{"rendered":"https:\/\/capalgerie.dz\/?p=6225"},"modified":"2025-02-12T15:52:29","modified_gmt":"2025-02-12T14:52:29","slug":"le-ministre-de-la-communication-souligne-le-role-des-medias-nationaux-dans-laccompagnement-des-efforts-de-developpement-de-letat","status":"publish","type":"post","link":"https:\/\/capalgerie.dz\/index.php\/2025\/02\/12\/le-ministre-de-la-communication-souligne-le-role-des-medias-nationaux-dans-laccompagnement-des-efforts-de-developpement-de-letat\/","title":{"rendered":"Le ministre de la Communication souligne le r\u00f4le des m\u00e9dias nationaux dans l&rsquo;accompagnement des efforts de d\u00e9veloppement de l&rsquo;Etat"},"content":{"rendered":"<p>Le ministre de la Communication, Mohamed Meziane, a soulign\u00e9, mardi \u00e0 Alger, le r\u00f4le des m\u00e9dias nationaux dans l&rsquo;accompagnement des efforts de d\u00e9veloppement men\u00e9s par l&rsquo;Etat au service de l&rsquo;int\u00e9r\u00eat supr\u00eame du pays.<\/p>\n<p>Dans une communication intitul\u00e9e \u00ab\u00a0Les m\u00e9dias au service du d\u00e9veloppement, un outil pour un d\u00e9veloppement r\u00e9ussi dans toutes ses dimensions\u00a0\u00bb, pr\u00e9sent\u00e9e lors d&rsquo;une conf\u00e9rence tenue \u00e0 la Facult\u00e9 des sciences de l&rsquo;information et de la communication de l&rsquo;universit\u00e9 d&rsquo;Alger 3, M. Meziane a pr\u00e9cis\u00e9 que les m\u00e9dias \u00ab\u00a0doivent \u00eatre \u00e0 la hauteur de l&rsquo;enjeu et accompagner les efforts de l&rsquo;Etat pour servir le citoyen et r\u00e9pandre la qui\u00e9tude\u00a0\u00bb.<\/p>\n<p>Il a annonc\u00e9, \u00e0 cette occasion, que le secteur sera renforc\u00e9 par le m\u00e9canisme de formation vu sa \u00ab\u00a0valeur dans la promotion de l&rsquo;individu et de l&rsquo;institution\u00a0\u00bb, pr\u00e9cisant qu&rsquo;une session de formation sur l&rsquo;investissement sera lanc\u00e9e au profit des journalistes en vue de \u00ab\u00a0leur fournir les connaissances suffisantes pour comprendre les diff\u00e9rentes mesures r\u00e9glementaires en vigueur dans ce domaine\u00a0\u00bb.<\/p>\n<p>Il a \u00e9galement \u00e9voqu\u00e9 le lancement du \u00ab\u00a0Portail des m\u00e9dias alg\u00e9riens\u00a0\u00bb, qui permettra d\u2019acc\u00e9der aux \u00ab\u00a0diff\u00e9rentes institutions m\u00e9diatiques et officielles\u00a0\u00bb, ce qui est \u00e0 m\u00eame, a-t-il dit, d'\u00a0\u00bbapporter un plus dans le processus de communication\u00a0\u00bb. <\/p>\n<p>Dans le m\u00eame contexte, le ministre a soulign\u00e9 l\u2019importance de la sp\u00e9cialisation dans le domaine de l&rsquo;information pour \u00ab\u00a0obtenir une plus grande pr\u00e9cision qui permet de passer de l&rsquo;inconnu au connu\u00a0\u00bb, affirmant que la formation sera \u00ab\u00a0un m\u00e9canisme de base dans ce processus\u00a0\u00bb. <\/p>\n<p>Pour un meilleur appui \u00e0 la formation des \u00e9tudiants, le ministre a mis en avant la n\u00e9cessit\u00e9 de trouver \u00ab\u00a0des formules pratiques pour cr\u00e9er un lien entre l\u2019universit\u00e9 et les \u00e9tablissements m\u00e9diatiques\u00a0\u00bb, d\u2019autant plus que le journaliste a besoin d&rsquo;une \u00ab\u00a0petite partie de l&rsquo;aspect th\u00e9orique dans sa formation, pour confirmer ses acquis sur le terrain\u00a0\u00bb. <\/p>\n<p>Il a \u00e9galement soulign\u00e9 l&rsquo;importance de \u00ab\u00a0prendre connaissance de l&rsquo;\u00e9thique qui encadre la pratique professionnelle pour pouvoir faire la diff\u00e9rence entre la critique et la diffamation\u00a0\u00bb.<\/p>\n<p>Apr\u00e8s avoir salu\u00e9 les efforts de l&rsquo;Etat au service des citoyens, M. Meziane a pr\u00e9cis\u00e9 que \u00ab\u00a0les diff\u00e9rents projets de d\u00e9veloppement d\u00e9cid\u00e9s par l&rsquo;Alg\u00e9rie ne se limitent pas seulement \u00e0 l&rsquo;int\u00e9rieur du pays, mais ont une dimension maghr\u00e9bine\u00a0\u00bb, citant, \u00e0 ce propos, la route reliant Tindouf (Alg\u00e9rie) \u00e0 Zou\u00e9rat (Mauritanie) ainsi que \u00ab\u00a0les diff\u00e9rents projets de d\u00e9veloppement dans les r\u00e9gions frontali\u00e8res qui aideront tous les peuples de la r\u00e9gion\u00a0\u00bb.<\/p>\n<p>Il a \u00e9galement mis en avant l&rsquo;importance du r\u00f4le des m\u00e9dias nationaux dans la lutte contre les campagnes hostiles et malveillantes \u00e0 l&rsquo;encontre de notre pays, saluant les efforts fournis par les institutions m\u00e9diatiques nationales pour suivre les diff\u00e9rentes mutations du paysage m\u00e9diatique international\u00a0\u00bb. APS<\/p>\n","protected":false},"excerpt":{"rendered":"<p>Le ministre de la Communication, Mohamed Meziane, a soulign\u00e9, mardi \u00e0 Alger, le r\u00f4le des m\u00e9dias nationaux dans l&rsquo;accompagnement des efforts de d\u00e9veloppement men\u00e9s par <a href=\"https:\/\/capalgerie.dz\/index.php\/2025\/02\/12\/le-ministre-de-la-communication-souligne-le-role-des-medias-nationaux-dans-laccompagnement-des-efforts-de-developpement-de-letat\/\" class=\"read-more-link\">Lire&#8230;<\/a><\/p>\n","protected":false},"author":4,"featured_media":6226,"comment_status":"open","ping_status":"open","sticky":false,"template":"","format":"standard","meta":{"_crdt_document":"","om_disable_all_campaigns":false,"_monsterinsights_skip_tracking":false,"_monsterinsights_sitenote_active":false,"_monsterinsights_sitenote_note":"","_monsterinsights_sitenote_category":0,"_uf_show_specific_survey":0,"_uf_disable_surveys":false,"episode_type":"","audio_file":"","podmotor_file_id":"","podmotor_episode_id":"","cover_image":"","cover_image_id":"","duration":"","filesize":"","filesize_raw":"","date_recorded":"","explicit":"","block":"","itunes_episode_number":"","itunes_title":"","itunes_season_number":"","itunes_episode_type":"","footnotes":""},"categories":[198],"tags":[],"class_list":["post-6225","post","type-post","status-publish","format-standard","has-post-thumbnail","hentry","category-actualite"],"aioseo_notices":[],"_links":{"self":[{"href":"https:\/\/capalgerie.dz\/index.php\/wp-json\/wp\/v2\/posts\/6225","targetHints":{"allow":["GET"]}}],"collection":[{"href":"https:\/\/capalgerie.dz\/index.php\/wp-json\/wp\/v2\/posts"}],"about":[{"href":"https:\/\/capalgerie.dz\/index.php\/wp-json\/wp\/v2\/types\/post"}],"author":[{"embeddable":true,"href":"https:\/\/capalgerie.dz\/index.php\/wp-json\/wp\/v2\/users\/4"}],"replies":[{"embeddable":true,"href":"https:\/\/capalgerie.dz\/index.php\/wp-json\/wp\/v2\/comments?post=6225"}],"version-history":[{"count":1,"href":"https:\/\/capalgerie.dz\/index.php\/wp-json\/wp\/v2\/posts\/6225\/revisions"}],"predecessor-version":[{"id":6227,"href":"https:\/\/capalgerie.dz\/index.php\/wp-json\/wp\/v2\/posts\/6225\/revisions\/6227"}],"wp:featuredmedia":[{"embeddable":true,"href":"https:\/\/capalgerie.dz\/index.php\/wp-json\/wp\/v2\/media\/6226"}],"wp:attachment":[{"href":"https:\/\/capalgerie.dz\/index.php\/wp-json\/wp\/v2\/media?parent=6225"}],"wp:term":[{"taxonomy":"category","embeddable":true,"href":"https:\/\/capalgerie.dz\/index.php\/wp-json\/wp\/v2\/categories?post=6225"},{"taxonomy":"post_tag","embeddable":true,"href":"https:\/\/capalgerie.dz\/index.php\/wp-json\/wp\/v2\/tags?post=6225"}],"curies":[{"name":"wp","href":"https:\/\/api.w.org\/{rel}","templated":true}]}}