{"id":6596,"date":"2026-03-29T14:26:57","date_gmt":"2026-03-29T13:26:57","guid":{"rendered":"https:\/\/capalgerie.dz\/?p=6596"},"modified":"2026-03-29T14:26:57","modified_gmt":"2026-03-29T13:26:57","slug":"le-president-de-la-republique-se-recueille-au-palais-du-peuple-a-la-memoire-de-lancien-president-de-la-republique-le-moudjahid-liamine-zeroual","status":"publish","type":"post","link":"https:\/\/capalgerie.dz\/index.php\/2026\/03\/29\/le-president-de-la-republique-se-recueille-au-palais-du-peuple-a-la-memoire-de-lancien-president-de-la-republique-le-moudjahid-liamine-zeroual\/","title":{"rendered":"Le pr\u00e9sident de la R\u00e9publique se recueille au Palais du Peuple \u00e0 la m\u00e9moire de l&rsquo;ancien pr\u00e9sident de la R\u00e9publique, le Moudjahid Liamine Zeroual"},"content":{"rendered":"<p>Le pr\u00e9sident de la R\u00e9publique, Abdelmadjid Tebboune, accompagn\u00e9 par le ministre d\u00e9l\u00e9gu\u00e9 aupr\u00e8s du ministre de la D\u00e9fense nationale, Chef d&rsquo;Etat-major de l\u2019Arm\u00e9e nationale populaire, le G\u00e9n\u00e9ral d&rsquo;Arm\u00e9e, Sa\u00efd Chanegriha, s\u2019est recueilli ce dimanche au Palais du peuple, \u00e0 la m\u00e9moire de l&rsquo;ancien pr\u00e9sident de la R\u00e9publique, le Moudjahid Liamine Zeroual.<\/p>\n<p>Apr\u00e8s la lecture de la Fatiha, le pr\u00e9sident de la R\u00e9publique a sign\u00e9 le registre de condol\u00e9ances en hommage au d\u00e9funt pr\u00e9sident de la R\u00e9publique, le Moudjahid Liamine Zeroual, d\u00e9c\u00e9d\u00e9 hier \u00e0 l\u2019\u00e2ge de 84 ans.<\/p>\n<p>A noter que la d\u00e9pouille mortelle de l&rsquo;ancien pr\u00e9sident de la R\u00e9publique, le Moudjahid Liamine Zeroual est arriv\u00e9e ce dimanche au Palais du Peuple pour un dernier hommage.<\/p>\n<p>Selon la Pr\u00e9sidence de la R\u00e9publique, l&rsquo;ancien pr\u00e9sident de la R\u00e9publique, le moudjahid Liamine Zeroual, sera inhum\u00e9, demain lundi apr\u00e8s la pri\u00e8re du Dohr, dans sa ville natale \u00e0 Batna. APS<\/p>\n","protected":false},"excerpt":{"rendered":"<p>Le pr\u00e9sident de la R\u00e9publique, Abdelmadjid Tebboune, accompagn\u00e9 par le ministre d\u00e9l\u00e9gu\u00e9 aupr\u00e8s du ministre de la D\u00e9fense nationale, Chef d&rsquo;Etat-major de l\u2019Arm\u00e9e nationale populaire, <a href=\"https:\/\/capalgerie.dz\/index.php\/2026\/03\/29\/le-president-de-la-republique-se-recueille-au-palais-du-peuple-a-la-memoire-de-lancien-president-de-la-republique-le-moudjahid-liamine-zeroual\/\" class=\"read-more-link\">Lire&#8230;<\/a><\/p>\n","protected":false},"author":4,"featured_media":6597,"comment_status":"open","ping_status":"open","sticky":false,"template":"","format":"standard","meta":{"_crdt_document":"","om_disable_all_campaigns":false,"_monsterinsights_skip_tracking":false,"_monsterinsights_sitenote_active":false,"_monsterinsights_sitenote_note":"","_monsterinsights_sitenote_category":0,"_uf_show_specific_survey":0,"_uf_disable_surveys":false,"episode_type":"","audio_file":"","podmotor_file_id":"","podmotor_episode_id":"","cover_image":"","cover_image_id":"","duration":"","filesize":"","filesize_raw":"","date_recorded":"","explicit":"","block":"","itunes_episode_number":"","itunes_title":"","itunes_season_number":"","itunes_episode_type":"","footnotes":""},"categories":[258,198],"tags":[],"class_list":["post-6596","post","type-post","status-publish","format-standard","has-post-thumbnail","hentry","category-alaune","category-actualite"],"aioseo_notices":[],"_links":{"self":[{"href":"https:\/\/capalgerie.dz\/index.php\/wp-json\/wp\/v2\/posts\/6596","targetHints":{"allow":["GET"]}}],"collection":[{"href":"https:\/\/capalgerie.dz\/index.php\/wp-json\/wp\/v2\/posts"}],"about":[{"href":"https:\/\/capalgerie.dz\/index.php\/wp-json\/wp\/v2\/types\/post"}],"author":[{"embeddable":true,"href":"https:\/\/capalgerie.dz\/index.php\/wp-json\/wp\/v2\/users\/4"}],"replies":[{"embeddable":true,"href":"https:\/\/capalgerie.dz\/index.php\/wp-json\/wp\/v2\/comments?post=6596"}],"version-history":[{"count":1,"href":"https:\/\/capalgerie.dz\/index.php\/wp-json\/wp\/v2\/posts\/6596\/revisions"}],"predecessor-version":[{"id":6598,"href":"https:\/\/capalgerie.dz\/index.php\/wp-json\/wp\/v2\/posts\/6596\/revisions\/6598"}],"wp:featuredmedia":[{"embeddable":true,"href":"https:\/\/capalgerie.dz\/index.php\/wp-json\/wp\/v2\/media\/6597"}],"wp:attachment":[{"href":"https:\/\/capalgerie.dz\/index.php\/wp-json\/wp\/v2\/media?parent=6596"}],"wp:term":[{"taxonomy":"category","embeddable":true,"href":"https:\/\/capalgerie.dz\/index.php\/wp-json\/wp\/v2\/categories?post=6596"},{"taxonomy":"post_tag","embeddable":true,"href":"https:\/\/capalgerie.dz\/index.php\/wp-json\/wp\/v2\/tags?post=6596"}],"curies":[{"name":"wp","href":"https:\/\/api.w.org\/{rel}","templated":true}]}}