{"id":7197,"date":"2026-04-26T13:48:14","date_gmt":"2026-04-26T12:48:14","guid":{"rendered":"https:\/\/capalgerie.dz\/?p=7197"},"modified":"2026-04-26T13:48:14","modified_gmt":"2026-04-26T12:48:14","slug":"mali-la-guerre-frappe-aux-portes-de-bamako-dans-une-nuit-de-chaos-coordonne","status":"publish","type":"post","link":"https:\/\/capalgerie.dz\/index.php\/2026\/04\/26\/mali-la-guerre-frappe-aux-portes-de-bamako-dans-une-nuit-de-chaos-coordonne\/","title":{"rendered":"Mali : la guerre frappe aux portes de Bamako dans une nuit de chaos coordonn\u00e9"},"content":{"rendered":"<p>Le Mali a v\u00e9cu samedi l&rsquo;une des journ\u00e9es les plus sombres de son histoire r\u00e9cente. Une vague d&rsquo;attaques terroristes simultan\u00e9es d&rsquo;une ampleur et d&rsquo;une coordination sans pr\u00e9c\u00e9dent a frapp\u00e9 le pays des sables du d\u00e9sert jusqu&rsquo;aux faubourgs de sa capitale, \u00e9branlant un r\u00e9gime militaire qui peinait d\u00e9j\u00e0 \u00e0 contenir les flammes d&rsquo;une crise multiforme. Bamako, Kati, S\u00e9var\u00e9, Gao, Kidal, cinq villes r\u00e9parties sur des centaines de kilom\u00e8tres ont \u00e9t\u00e9 touch\u00e9es en quelques heures, dans ce qui ressemble \u00e0 une d\u00e9monstration de force calcul\u00e9e visant \u00e0 mettre \u00e0 nu les failles d&rsquo;un \u00c9tat en guerre contre lui-m\u00eame.<\/p>\n<p><strong>Bamako sous les d\u00e9tonations<\/strong><\/p>\n<p>D\u00e8s l&rsquo;aube, de lourdes explosions et des \u00e9changes de tirs ont retenti pr\u00e8s du camp militaire de S\u00e9nou, \u00e0 proximit\u00e9 de l&rsquo;a\u00e9roport international de la capitale, et dans le district de Mamaribougou, en p\u00e9riph\u00e9rie de Bamako. Selon certaines informations l&rsquo;a\u00e9roport demeurait sous contr\u00f4le des autorit\u00e9s malgr\u00e9 des affrontements sporadiques dans les zones environnantes. Mais c&rsquo;est \u00e0 Kati, ville garnison qui abrite la principale base militaire du pays ainsi que les r\u00e9sidences du ministre de la D\u00e9fense Sadio Camara, que l&rsquo;attaque a rev\u00eatu sa dimension la plus symbolique. Si les autorit\u00e9s ont confirm\u00e9 que le ministre n&rsquo;avait pas \u00e9t\u00e9 bless\u00e9, des t\u00e9moins sur place ont affirm\u00e9 que sa r\u00e9sidence avait \u00e9t\u00e9 fortement endommag\u00e9e, voire partiellement d\u00e9truite. Une dizaine de corps de pr\u00e9sum\u00e9s assaillants avaient \u00e9t\u00e9 retrouv\u00e9s sur les lieux.<\/p>\n<p><strong>Kidal et le nord : la FLA revendique le contr\u00f4le total<\/strong><\/p>\n<p>Dans le nord, la situation a pris une tournure encore plus grave. Le Front de lib\u00e9ration de l&rsquo;Azawad, coalition rebelle domin\u00e9e par les Touaregs, a annonc\u00e9 tard samedi avoir pris \u00ab le contr\u00f4le total \u00bb de la ville de Kidal, strat\u00e9gique et longtemps disput\u00e9e. Dans un communiqu\u00e9, le groupe a pr\u00e9cis\u00e9 qu&rsquo;il ne restait qu&rsquo;\u00ab une petite poche de r\u00e9sistance r\u00e9siduelle \u00bb compos\u00e9e de mercenaires russes de l&rsquo;Africa Corps et de soldats maliens retranch\u00e9s dans un ancien camp de la MINUSMA. Plus troublant encore, la FLA a assum\u00e9 avoir men\u00e9 ces op\u00e9rations \u00ab en partenariat avec le JNIM \u00bb, groupe arm\u00e9 affili\u00e9 \u00e0 Al-Qa\u00efda, d\u00e9crivant une coordination tactique entre deux mouvements aux agendas pourtant distincts, l&rsquo;un s\u00e9paratiste et la\u00efque, l&rsquo;autre islamiste. Un h\u00e9licopt\u00e8re militaire aurait \u00e9galement \u00e9t\u00e9 abattu pr\u00e8s de Wabaria, non loin de Gao, selon plusieurs sources concordantes.<\/p>\n<p><strong>Le gouvernement parle de contr\u00f4le, le bilan reste flou<\/strong><\/p>\n<p>Face \u00e0 cette temp\u00eate, le gouvernement de transition du g\u00e9n\u00e9ral Assimi Go\u00efta a adopt\u00e9 un discours de fermet\u00e9. \u00ab \u00c0 l&rsquo;heure actuelle, la situation est totalement sous contr\u00f4le \u00bb, a-t-il affirm\u00e9 dans un communiqu\u00e9, saluant la r\u00e9action des forces arm\u00e9es et appelant la population \u00e0 la vigilance, tout en faisant \u00e9tat de 16 bless\u00e9s parmi les civils et les soldats. Mais en fin de journ\u00e9e, l&rsquo;arm\u00e9e n&rsquo;avait toujours pas publi\u00e9 de rapport op\u00e9rationnel d\u00e9taill\u00e9, et les combats se poursuivaient encore dans certains secteurs de la capitale \u00e0 la tomb\u00e9e de la nuit. L&rsquo;ambassade des \u00c9tats-Unis avait quant \u00e0 elle appel\u00e9 ses ressortissants \u00e0 se mettre \u00e0 l&rsquo;abri, signal que la situation restait loin d&rsquo;\u00eatre ma\u00eetris\u00e9e.<\/p>\n<p><strong>Les racines d&rsquo;une crise annonc\u00e9e<\/strong><\/p>\n<p>Ces attaques ne surgissent pas du n\u00e9ant. Le JNIM impose depuis septembre 2025 un blocus sur le carburant et les approvisionnements autour de Bamako, provoquant p\u00e9nuries et hausse des prix qui \u00e9tranglent la vie quotidienne. La prolongation du mandat de Go\u00efta jusqu&rsquo;en 2030, la dissolution des partis politiques et l&rsquo;abandon de l&rsquo;accord de paix d&rsquo;Alger de 2015 au profit d&rsquo;une approche exclusivement militaire ont nourri les rancoeurs dans un nord historiquement marginalis\u00e9. La FLA, dans son communiqu\u00e9, a accus\u00e9 les forces maliennes et leurs alli\u00e9s russes de violations des droits de l&rsquo;homme et r\u00e9clam\u00e9 une \u00ab mobilisation internationale urgente \u00bb sur les plans humanitaire et politique, d\u00e9crivant Bamako comme \u00ab un obstacle majeur \u00e0 toute solution politique cr\u00e9dible et inclusive \u00bb. En frappant simultan\u00e9ment aux portes de la capitale et aux confins du d\u00e9sert, les assaillants ont envoy\u00e9 un message limpide : ni le soutien russe ni la rh\u00e9torique souverainiste n&rsquo;ont suffi \u00e0 \u00e9teindre le feu qui couve sous les sables du Sahel. R.I<\/p>\n","protected":false},"excerpt":{"rendered":"<p>Le Mali a v\u00e9cu samedi l&rsquo;une des journ\u00e9es les plus sombres de son histoire r\u00e9cente. Une vague d&rsquo;attaques terroristes simultan\u00e9es d&rsquo;une ampleur et d&rsquo;une coordination <a href=\"https:\/\/capalgerie.dz\/index.php\/2026\/04\/26\/mali-la-guerre-frappe-aux-portes-de-bamako-dans-une-nuit-de-chaos-coordonne\/\" class=\"read-more-link\">Lire&#8230;<\/a><\/p>\n","protected":false},"author":4,"featured_media":7198,"comment_status":"open","ping_status":"open","sticky":false,"template":"","format":"standard","meta":{"_crdt_document":"","om_disable_all_campaigns":false,"_monsterinsights_skip_tracking":false,"_monsterinsights_sitenote_active":false,"_monsterinsights_sitenote_note":"","_monsterinsights_sitenote_category":0,"_uf_show_specific_survey":0,"_uf_disable_surveys":false,"episode_type":"","audio_file":"","podmotor_file_id":"","podmotor_episode_id":"","cover_image":"","cover_image_id":"","duration":"","filesize":"","filesize_raw":"","date_recorded":"","explicit":"","block":"","itunes_episode_number":"","itunes_title":"","itunes_season_number":"","itunes_episode_type":"","footnotes":""},"categories":[258,257],"tags":[],"class_list":["post-7197","post","type-post","status-publish","format-standard","has-post-thumbnail","hentry","category-alaune","category-afrique"],"aioseo_notices":[],"_links":{"self":[{"href":"https:\/\/capalgerie.dz\/index.php\/wp-json\/wp\/v2\/posts\/7197","targetHints":{"allow":["GET"]}}],"collection":[{"href":"https:\/\/capalgerie.dz\/index.php\/wp-json\/wp\/v2\/posts"}],"about":[{"href":"https:\/\/capalgerie.dz\/index.php\/wp-json\/wp\/v2\/types\/post"}],"author":[{"embeddable":true,"href":"https:\/\/capalgerie.dz\/index.php\/wp-json\/wp\/v2\/users\/4"}],"replies":[{"embeddable":true,"href":"https:\/\/capalgerie.dz\/index.php\/wp-json\/wp\/v2\/comments?post=7197"}],"version-history":[{"count":1,"href":"https:\/\/capalgerie.dz\/index.php\/wp-json\/wp\/v2\/posts\/7197\/revisions"}],"predecessor-version":[{"id":7199,"href":"https:\/\/capalgerie.dz\/index.php\/wp-json\/wp\/v2\/posts\/7197\/revisions\/7199"}],"wp:featuredmedia":[{"embeddable":true,"href":"https:\/\/capalgerie.dz\/index.php\/wp-json\/wp\/v2\/media\/7198"}],"wp:attachment":[{"href":"https:\/\/capalgerie.dz\/index.php\/wp-json\/wp\/v2\/media?parent=7197"}],"wp:term":[{"taxonomy":"category","embeddable":true,"href":"https:\/\/capalgerie.dz\/index.php\/wp-json\/wp\/v2\/categories?post=7197"},{"taxonomy":"post_tag","embeddable":true,"href":"https:\/\/capalgerie.dz\/index.php\/wp-json\/wp\/v2\/tags?post=7197"}],"curies":[{"name":"wp","href":"https:\/\/api.w.org\/{rel}","templated":true}]}}