{"id":7216,"date":"2026-04-26T16:26:31","date_gmt":"2026-04-26T15:26:31","guid":{"rendered":"https:\/\/capalgerie.dz\/?p=7216"},"modified":"2026-04-26T17:24:36","modified_gmt":"2026-04-26T16:24:36","slug":"mali-le-ministre-de-la-defense-presume-mort-le-pays-sous-le-choc-dune-offensive-dune-ampleur-inedite","status":"publish","type":"post","link":"https:\/\/capalgerie.dz\/index.php\/2026\/04\/26\/mali-le-ministre-de-la-defense-presume-mort-le-pays-sous-le-choc-dune-offensive-dune-ampleur-inedite\/","title":{"rendered":"Mali : L&rsquo;effondrement d&rsquo;un r\u00e9gime qui a pr\u00e9f\u00e9r\u00e9 les armes \u00e0 la paix"},"content":{"rendered":"<p><strong>Dimanche matin, des sources journalistiques faisaient \u00e9tat du d\u00e9c\u00e8s du ministre de la D\u00e9fense, Sadio Camara, emport\u00e9 par ses blessures. Cerveau du coup d&rsquo;\u00c9tat d&rsquo;ao\u00fbt 2020 contre le pr\u00e9sident Ibrahim Boubacar Ke\u00efta, artisan du second putsch d&rsquo;ao\u00fbt 2021 qui avait consolid\u00e9 la mainmise de la junte sur la transition, il incarnait \u00e0 lui seul la logique du r\u00e9gime : les armes d&rsquo;abord, tout le reste apr\u00e8s.<\/strong><\/p>\n<p> Le Mali a v\u00e9cu samedi l&rsquo;une des journ\u00e9es les plus violentes de son histoire r\u00e9cente. Des attaques coordonn\u00e9es ont frapp\u00e9 simultan\u00e9ment Bamako, Kati, Kidal et Gao, m\u00ealant combats urbains, explosions pr\u00e8s de l&rsquo;a\u00e9roport de la capitale et offensive dans le nord du pays. Le r\u00e9sultat, en quelques heures : un pays mis \u00e0 nu, une junte militaire d\u00e9pass\u00e9e par la situation et un r\u00e9gime qui r\u00e9colte aujourd&rsquo;hui ce qu&rsquo;il a sem\u00e9 depuis cinq ans de mauvaises d\u00e9cisions. Dimanche matin, des sources journalistiques faisaient \u00e9tat du d\u00e9c\u00e8s du ministre de la D\u00e9fense, Sadio Camara, emport\u00e9 par ses blessures.<\/p>\n<p>Le g\u00e9n\u00e9ral Camara n&rsquo;\u00e9tait pas un personnage ordinaire dans l&rsquo;architecture du pouvoir \u00e0 Bamako. Cerveau du coup d&rsquo;\u00c9tat d&rsquo;ao\u00fbt 2020 contre le pr\u00e9sident Ibrahim Boubacar Ke\u00efta, artisan du second putsch d&rsquo;ao\u00fbt 2021 qui avait consolid\u00e9 la mainmise de la junte sur la transition, il incarnait \u00e0 lui seul la logique du r\u00e9gime : les armes d&rsquo;abord, tout le reste apr\u00e8s. Sa r\u00e9sidence de Kati, ville-garnison qui abrite la principale base militaire du pays, a \u00e9t\u00e9 directement vis\u00e9e lors des attaques de samedi. Symbole fort : l&rsquo;homme qui avait mis\u00e9 sur la force brute pour r\u00e9gler les probl\u00e8mes du Mali a fini par en payer le prix sur son propre terrain.<\/p>\n<p>Les op\u00e9rations de samedi ont \u00e9t\u00e9 revendiqu\u00e9es conjointement par le Front de lib\u00e9ration de l&rsquo;Azawad et le Groupe de soutien \u00e0 l&rsquo;islam et aux musulmans, affili\u00e9 \u00e0 Al-Qa\u00efda. Deux organisations aux agendas distincts \u2014 l&rsquo;une s\u00e9paratiste et touar\u00e8gue, l&rsquo;autre djihadiste \u2014 qui ont choisi de coordonner leurs frappes contre un ennemi commun, un fait in\u00e9dit jusque-l\u00e0 ! \u00c0 Kidal, la FLA a annonc\u00e9 avoir repris le contr\u00f4le total de la ville, ne laissant qu&rsquo;une poche de r\u00e9sistance compos\u00e9e de soldats maliens et de mercenaires russes de l&rsquo;Africa Corps retranch\u00e9s dans un ancien camp de la Minusma. Par ailleurs, un accord aurait \u00e9t\u00e9 conclu entre les forces azawadies et les \u00e9l\u00e9ments de l&rsquo;Africa Corps pour garantir leur retrait sans combats de Kidal. Un h\u00e9licopt\u00e8re militaire aurait \u00e9t\u00e9 abattu en direction de Gao. \u00c0 Bamako m\u00eame, de lourdes explosions ont retenti d\u00e8s l&rsquo;aube pr\u00e8s de l&rsquo;a\u00e9roport de S\u00e9nou et dans les faubourgs de la capitale. Le gouverneur de la ville a impos\u00e9 un couvre-feu de neuf heures du soir \u00e0 six heures du matin. L&rsquo;ambassade am\u00e9ricaine a appel\u00e9 ses ressortissants \u00e0 se mettre \u00e0 l&rsquo;abri. Face \u00e0 ce tableau, le g\u00e9n\u00e9ral Assimi Go\u00efta a affich\u00e9 la s\u00e9r\u00e9nit\u00e9 de circonstance, affirmant que la situation \u00e9tait \u00ab totalement sous contr\u00f4le \u00bb. Mais l&rsquo;arm\u00e9e n&rsquo;avait toujours pas publi\u00e9 de bilan op\u00e9rationnel en fin de journ\u00e9e, les combats se poursuivaient dans plusieurs quartiers de la capitale, et le flou officiel persistait sur le sort du ministre de la D\u00e9fense. Le discours de ma\u00eetrise sonnait creux.<\/p>\n<p><strong>Les cons\u00e9quences d\u2019une politique irr\u00e9fl\u00e9chie<\/strong><\/p>\n<p>Pour comprendre ce qui se passe aujourd&rsquo;hui au Mali, il faut remonter \u00e0 ce qu&rsquo;Alger avait patiemment construit et ce que Bamako a d\u00e9lib\u00e9r\u00e9ment d\u00e9truit. L&rsquo;accord d&rsquo;Alger de 2015, fruit d&rsquo;une m\u00e9diation alg\u00e9rienne appuy\u00e9e par la communaut\u00e9 internationale, offrait au Mali un cadre politique pour r\u00e9concilier le nord et le sud, int\u00e9grer les communaut\u00e9s touar\u00e8gues dans les institutions et priver les groupes arm\u00e9s de leur vivier de recrutement. Ce n&rsquo;\u00e9tait pas un accord parfait. Mais c&rsquo;\u00e9tait un point de d\u00e9part s\u00e9rieux, n\u00e9goci\u00e9 sur plusieurs ann\u00e9es avec toutes les parties concern\u00e9es. Go\u00efta l&rsquo;a unilat\u00e9ralement abandonn\u00e9 en 2023, au motif qu&rsquo;il fallait reprendre Kidal par la force. Kidal est tomb\u00e9e aux mains de la FLA quelques mois plus tard. Le Mali se retrouve aujourd&rsquo;hui exactement l\u00e0 o\u00f9 il \u00e9tait avant 2015, mais avec des groupes arm\u00e9s plus aguerris, une population plus \u00e9puis\u00e9e et un \u00c9tat plus d\u00e9l\u00e9gitim\u00e9 que jamais.<\/p>\n<p>Le bilan de cinq ans de gouvernance militaire est accablant. Sur le plan politique, Go\u00efta a dissous les partis, repouss\u00e9 ind\u00e9finiment les \u00e9lections et s&rsquo;est octroy\u00e9 un mandat de cinq ans renouvelable \u00e0 l&rsquo;issue du dialogue national de mai 2024 \u2014 tenu trois mois apr\u00e8s l&rsquo;expiration de son propre calendrier de transfert du pouvoir aux civils. Sur le plan s\u00e9curitaire, le partenariat avec les mercenaires russes de Wagner, rebaptis\u00e9s Africa Corps, n&rsquo;a pas pacifi\u00e9 le nord : il y a simplement ajout\u00e9 de nouvelles accusations de crimes contre les populations civiles, sans r\u00e9soudre aucune des causes profondes du conflit. Sur le plan \u00e9conomique, le blocus impos\u00e9 depuis septembre 2025 par le JNIM autour de Bamako a engendr\u00e9 des p\u00e9nuries de carburant et de denr\u00e9es de premi\u00e8re n\u00e9cessit\u00e9 qui \u00e9tranglent le quotidien d&rsquo;une population r\u00e9duite \u00e0 survivre.<\/p>\n<p>Ce que le peuple malien demandait en 2020, lorsqu&rsquo;il \u00e9tait descendu massivement dans les rues contre Ke\u00efta, c&rsquo;\u00e9tait une gouvernance propre, une souverainet\u00e9 r\u00e9elle et une s\u00e9curit\u00e9 digne de ce nom. Go\u00efta avait repris ces mots \u00e0 son compte. Il avait rompu avec Paris, chass\u00e9 les soldats fran\u00e7ais, affich\u00e9 une rh\u00e9torique panafricaine qui avait s\u00e9duit une partie de l&rsquo;opinion continentale. Mais derri\u00e8re le discours, la pratique a rapidement montr\u00e9 ses limites : m\u00eame centralisation du pouvoir, m\u00eame m\u00e9pris pour les consultations politiques, m\u00eame refus d&rsquo;une solution n\u00e9goci\u00e9e avec le nord, et une d\u00e9pendance vis-\u00e0-vis de Moscou qui remplace simplement une tutelle \u00e9trang\u00e8re par une autre.<\/p>\n<p>Ce qui se passe au Mali n&rsquo;est pas une affaire lointaine. Le Mali partage avec l&rsquo;Alg\u00e9rie une longue fronti\u00e8re commune et une histoire de coop\u00e9ration s\u00e9curitaire ancienne. La d\u00e9stabilisation du pays signifie concr\u00e8tement davantage de flux d&rsquo;armes, de combattants et de populations d\u00e9plac\u00e9es aux portes du Sahara alg\u00e9rien. Alger avait jou\u00e9 le jeu de la diplomatie, investi des ann\u00e9es dans la m\u00e9diation, obtenu un accord sign\u00e9 par toutes les parties. Voir cet accord jet\u00e9 aux oubliettes au nom d&rsquo;une aventure militaire dont on mesure aujourd&rsquo;hui les cons\u00e9quences dramatiques est am\u00e8re. Elle dit quelque chose d&rsquo;essentiel : la stabilit\u00e9 du Sahel ne se d\u00e9cr\u00e8te pas par des coups de force, elle se construit patiemment, par le dialogue, avec tous les acteurs concern\u00e9s. C&rsquo;est ce que l&rsquo;Alg\u00e9rie avait compris. C&rsquo;est ce que Bamako a choisi d&rsquo;ignorer. Cinq ans apr\u00e8s les putschs, le Mali ne s&rsquo;est pas rapproch\u00e9 de la paix. Il s&rsquo;en est \u00e9loign\u00e9. Lyes Sa\u00efdi<\/p>\n","protected":false},"excerpt":{"rendered":"<p>Dimanche matin, des sources journalistiques faisaient \u00e9tat du d\u00e9c\u00e8s du ministre de la D\u00e9fense, Sadio Camara, emport\u00e9 par ses blessures. Cerveau du coup d&rsquo;\u00c9tat d&rsquo;ao\u00fbt <a href=\"https:\/\/capalgerie.dz\/index.php\/2026\/04\/26\/mali-le-ministre-de-la-defense-presume-mort-le-pays-sous-le-choc-dune-offensive-dune-ampleur-inedite\/\" class=\"read-more-link\">Lire&#8230;<\/a><\/p>\n","protected":false},"author":4,"featured_media":7217,"comment_status":"open","ping_status":"open","sticky":false,"template":"","format":"standard","meta":{"_crdt_document":"","om_disable_all_campaigns":false,"_monsterinsights_skip_tracking":false,"_monsterinsights_sitenote_active":false,"_monsterinsights_sitenote_note":"","_monsterinsights_sitenote_category":0,"_uf_show_specific_survey":0,"_uf_disable_surveys":false,"episode_type":"","audio_file":"","podmotor_file_id":"","podmotor_episode_id":"","cover_image":"","cover_image_id":"","duration":"","filesize":"","filesize_raw":"","date_recorded":"","explicit":"","block":"","itunes_episode_number":"","itunes_title":"","itunes_season_number":"","itunes_episode_type":"","footnotes":""},"categories":[257,258],"tags":[],"class_list":["post-7216","post","type-post","status-publish","format-standard","has-post-thumbnail","hentry","category-afrique","category-alaune"],"aioseo_notices":[],"_links":{"self":[{"href":"https:\/\/capalgerie.dz\/index.php\/wp-json\/wp\/v2\/posts\/7216","targetHints":{"allow":["GET"]}}],"collection":[{"href":"https:\/\/capalgerie.dz\/index.php\/wp-json\/wp\/v2\/posts"}],"about":[{"href":"https:\/\/capalgerie.dz\/index.php\/wp-json\/wp\/v2\/types\/post"}],"author":[{"embeddable":true,"href":"https:\/\/capalgerie.dz\/index.php\/wp-json\/wp\/v2\/users\/4"}],"replies":[{"embeddable":true,"href":"https:\/\/capalgerie.dz\/index.php\/wp-json\/wp\/v2\/comments?post=7216"}],"version-history":[{"count":3,"href":"https:\/\/capalgerie.dz\/index.php\/wp-json\/wp\/v2\/posts\/7216\/revisions"}],"predecessor-version":[{"id":7228,"href":"https:\/\/capalgerie.dz\/index.php\/wp-json\/wp\/v2\/posts\/7216\/revisions\/7228"}],"wp:featuredmedia":[{"embeddable":true,"href":"https:\/\/capalgerie.dz\/index.php\/wp-json\/wp\/v2\/media\/7217"}],"wp:attachment":[{"href":"https:\/\/capalgerie.dz\/index.php\/wp-json\/wp\/v2\/media?parent=7216"}],"wp:term":[{"taxonomy":"category","embeddable":true,"href":"https:\/\/capalgerie.dz\/index.php\/wp-json\/wp\/v2\/categories?post=7216"},{"taxonomy":"post_tag","embeddable":true,"href":"https:\/\/capalgerie.dz\/index.php\/wp-json\/wp\/v2\/tags?post=7216"}],"curies":[{"name":"wp","href":"https:\/\/api.w.org\/{rel}","templated":true}]}}