{"id":7223,"date":"2026-04-26T17:18:35","date_gmt":"2026-04-26T16:18:35","guid":{"rendered":"https:\/\/capalgerie.dz\/?p=7223"},"modified":"2026-04-26T17:18:35","modified_gmt":"2026-04-26T16:18:35","slug":"lancement-du-programme-national-de-formation-en-intelligence-artificielle","status":"publish","type":"post","link":"https:\/\/capalgerie.dz\/index.php\/2026\/04\/26\/lancement-du-programme-national-de-formation-en-intelligence-artificielle\/","title":{"rendered":"Lancement du programme national de formation en intelligence artificielle"},"content":{"rendered":"<p>La ministre de la Formation et de l&rsquo;Enseignement professionnels, Nacima Arhab, a proc\u00e9d\u00e9, en compagnie du ministre de l&rsquo;Economie de la connaissance, des Start-up et des Micro-entreprises, Noureddine Ouadah, dimanche \u00e0 l&rsquo;Institut national sp\u00e9cialis\u00e9 de la formation professionnelle d&rsquo;El Rahmania (Alger), au lancement officiel du programme national de formation en intelligence artificielle (IA).<\/p>\n<p>Dans une allocution \u00e0 l&rsquo;occasion, Mme Arhab a d\u00e9clar\u00e9 que ce programme incarne l&rsquo;engagement ancr\u00e9 de l&rsquo;Etat \u00e0 investir dans les comp\u00e9tences nationales, en tant que \u00ab\u00a0base essentielle\u00a0\u00bb pour s&rsquo;adapter aux mutations technologiques effr\u00e9n\u00e9es que connait le monde moderne.<\/p>\n<p>Elle a indiqu\u00e9 que ce programme \u00ab\u00a0est le fruit d&rsquo;une coop\u00e9ration \u00e9troite entre le minist\u00e8re de la Formation et de l&rsquo;Enseignement professionnels et celui de l&rsquo;Economie de la connaissance, des Start-up et des<\/p>\n<p>Micro-entreprises\u00a0\u00bb, dans le cadre d&rsquo;une vision strat\u00e9gique visant \u00e0 \u00ab\u00a0pr\u00e9parer des comp\u00e9tences capables de s&rsquo;int\u00e9grer rapidement dans l&rsquo;environnement num\u00e9rique et de contribuer \u00e0 la cr\u00e9ation de solutions r\u00e9pondant aux exigences du march\u00e9\u00a0\u00bb.<\/p>\n<p>La ministre a rappel\u00e9, dans ce sens, que la conception de ce processus de formation repose sur \u00ab\u00a0une approche moderne\u00a0\u00bb faisant de la pratique de terrain, un axe essentiel du processus p\u00e9dagogique, permettant ainsi \u00ab\u00a0aux participants de vivre une exp\u00e9rience professionnelle de qualit\u00e9, en travaillant sur des projets concrets\u00a0\u00bb.<\/p>\n<p>A cet \u00e9gard, Mme Arhab a indiqu\u00e9 que ce programme est mis en \u0153uvre selon un calendrier \u00e9tudi\u00e9, la formation des formateurs ayant d\u00e9but\u00e9 le 15 janvier dernier, et le programme lanc\u00e9 aujourd&rsquo;hui s&rsquo;\u00e9talera pour une dur\u00e9e de 12 semaines, dont 8 semaines de formation intensive et 4 semaines consacr\u00e9es \u00e0 des projets pratiques.<\/p>\n<p>De son c\u00f4t\u00e9, M. Ouadah a soulign\u00e9 que ce programme \u00ab\u00a0constitue un nouveau jalon dans le processus visant \u00e0 relever les d\u00e9fis de l&rsquo;IA\u00a0\u00bb, saluant la conjugaison des efforts entre les deux secteurs pour offrir aux participants une formation pointue et de haut niveau \u00e0 travers les travaux pratiques et la r\u00e9alisation de projets au sein des start-up, en utilisant les nouvelles technologies et les mod\u00e8les de l&rsquo;IA les plus r\u00e9cents.<\/p>\n<p>Il a \u00e9galement soulign\u00e9 que l&rsquo;objectif de cette initiative \u00ab\u00a0participative et int\u00e9gr\u00e9e\u00a0\u00bb est de doter le march\u00e9 national de professionnels qualifi\u00e9s, capables de suivre l&rsquo;\u00e9volution rapide de l&rsquo;IA, ainsi que d&rsquo;offrir aux b\u00e9n\u00e9ficiaires l&rsquo;opportunit\u00e9 de cr\u00e9er leurs propres entreprises notamment via l&rsquo;incubateur d&rsquo;entreprises et un centre de d\u00e9veloppement de l&rsquo;entrepreneuriat.<\/p>\n<p>A cette m\u00eame occasion, les deux ministres ont proc\u00e9d\u00e9 au lancement du premier incubateur d&rsquo;entreprises de cet institut, destin\u00e9 \u00e0 consacrer la culture de l&rsquo;entrepreneuriat, \u00e0 soutenir les projets innovants et \u00e0 encourager les stagiaires et les dipl\u00f4m\u00e9s \u00e0 d\u00e9velopper des id\u00e9es et des initiatives \u00e9conomiques novatrices.<\/p>\n<p>Une pr\u00e9sentation du programme de formation en IA a \u00e9galement \u00e9t\u00e9 faite, suivie d&rsquo;une c\u00e9r\u00e9monie de distinction en l&rsquo;honneur des enseignants ayant contribu\u00e9 \u00e0 son \u00e9laboration. APS<\/p>\n","protected":false},"excerpt":{"rendered":"<p>La ministre de la Formation et de l&rsquo;Enseignement professionnels, Nacima Arhab, a proc\u00e9d\u00e9, en compagnie du ministre de l&rsquo;Economie de la connaissance, des Start-up et <a href=\"https:\/\/capalgerie.dz\/index.php\/2026\/04\/26\/lancement-du-programme-national-de-formation-en-intelligence-artificielle\/\" class=\"read-more-link\">Lire&#8230;<\/a><\/p>\n","protected":false},"author":4,"featured_media":7224,"comment_status":"open","ping_status":"open","sticky":false,"template":"","format":"standard","meta":{"_crdt_document":"","om_disable_all_campaigns":false,"_monsterinsights_skip_tracking":false,"_monsterinsights_sitenote_active":false,"_monsterinsights_sitenote_note":"","_monsterinsights_sitenote_category":0,"_uf_show_specific_survey":0,"_uf_disable_surveys":false,"episode_type":"","audio_file":"","podmotor_file_id":"","podmotor_episode_id":"","cover_image":"","cover_image_id":"","duration":"","filesize":"","filesize_raw":"","date_recorded":"","explicit":"","block":"","itunes_episode_number":"","itunes_title":"","itunes_season_number":"","itunes_episode_type":"","footnotes":""},"categories":[198],"tags":[],"class_list":["post-7223","post","type-post","status-publish","format-standard","has-post-thumbnail","hentry","category-actualite"],"aioseo_notices":[],"_links":{"self":[{"href":"https:\/\/capalgerie.dz\/index.php\/wp-json\/wp\/v2\/posts\/7223","targetHints":{"allow":["GET"]}}],"collection":[{"href":"https:\/\/capalgerie.dz\/index.php\/wp-json\/wp\/v2\/posts"}],"about":[{"href":"https:\/\/capalgerie.dz\/index.php\/wp-json\/wp\/v2\/types\/post"}],"author":[{"embeddable":true,"href":"https:\/\/capalgerie.dz\/index.php\/wp-json\/wp\/v2\/users\/4"}],"replies":[{"embeddable":true,"href":"https:\/\/capalgerie.dz\/index.php\/wp-json\/wp\/v2\/comments?post=7223"}],"version-history":[{"count":1,"href":"https:\/\/capalgerie.dz\/index.php\/wp-json\/wp\/v2\/posts\/7223\/revisions"}],"predecessor-version":[{"id":7225,"href":"https:\/\/capalgerie.dz\/index.php\/wp-json\/wp\/v2\/posts\/7223\/revisions\/7225"}],"wp:featuredmedia":[{"embeddable":true,"href":"https:\/\/capalgerie.dz\/index.php\/wp-json\/wp\/v2\/media\/7224"}],"wp:attachment":[{"href":"https:\/\/capalgerie.dz\/index.php\/wp-json\/wp\/v2\/media?parent=7223"}],"wp:term":[{"taxonomy":"category","embeddable":true,"href":"https:\/\/capalgerie.dz\/index.php\/wp-json\/wp\/v2\/categories?post=7223"},{"taxonomy":"post_tag","embeddable":true,"href":"https:\/\/capalgerie.dz\/index.php\/wp-json\/wp\/v2\/tags?post=7223"}],"curies":[{"name":"wp","href":"https:\/\/api.w.org\/{rel}","templated":true}]}}