{"id":7251,"date":"2026-04-27T16:52:54","date_gmt":"2026-04-27T15:52:54","guid":{"rendered":"https:\/\/capalgerie.dz\/?p=7251"},"modified":"2026-04-27T16:52:54","modified_gmt":"2026-04-27T15:52:54","slug":"m-attaf-reaffirme-la-position-de-lalgerie-en-soutien-a-lunite-du-mali-et-son-rejet-de-toutes-les-formes-de-terrorisme","status":"publish","type":"post","link":"https:\/\/capalgerie.dz\/index.php\/2026\/04\/27\/m-attaf-reaffirme-la-position-de-lalgerie-en-soutien-a-lunite-du-mali-et-son-rejet-de-toutes-les-formes-de-terrorisme\/","title":{"rendered":"M. Attaf r\u00e9affirme la position de l&rsquo;Alg\u00e9rie en soutien \u00e0 l&rsquo;unit\u00e9 du Mali et son rejet de toutes les formes de terrorisme"},"content":{"rendered":"<p>Le ministre d&rsquo;Etat, ministre des Affaires \u00e9trang\u00e8res, de la Communaut\u00e9 nationale \u00e0 l&rsquo;\u00e9tranger et des Affaires africaines, M. Ahmed Attaf, a r\u00e9affirm\u00e9, lundi, la position claire et constante de l&rsquo;Alg\u00e9rie en soutien \u00e0 l&rsquo;unit\u00e9 du Mali, territoire, peuple et institutions, ainsi que son rejet de toutes les formes et manifestations du terrorisme.<\/p>\n<p>Dans une d\u00e9claration \u00e0 la presse \u00e0 l&rsquo;issue de l&rsquo;audience qu&rsquo;il a accord\u00e9e, au si\u00e8ge du minist\u00e8re, au ministre des Affaires \u00e9trang\u00e8res de Bosnie-Herz\u00e9govine, M. Elmedin Konakovic, en visite officielle en Alg\u00e9rie, M. Attaf a \u00e9voqu\u00e9 les \u00ab\u00a0d\u00e9veloppements dangereux\u00a0\u00bb que conna\u00eet la R\u00e9publique du Mali, r\u00e9affirmant la position \u00ab\u00a0claire et constante de l&rsquo;Alg\u00e9rie et son soutien \u00e0 l&rsquo;unit\u00e9 du Mali, territoire, peuple et institutions\u00a0\u00bb. Le ministre d&rsquo;Etat a \u00e9galement r\u00e9it\u00e9r\u00e9 la position de l&rsquo;Alg\u00e9rie \u00ab\u00a0rejetant cat\u00e9goriquement toutes les formes et manifestations du terrorisme, qui ne peut \u00eatre justifi\u00e9 ni tol\u00e9r\u00e9, quels qu&rsquo;en soient les motifs ou les causes, une position dict\u00e9e par l&rsquo;exp\u00e9rience douloureuse de l&rsquo;Alg\u00e9rie face \u00e0 ce fl\u00e9au\u00a0\u00bb.<\/p>\n<p>Exprimant la position de l&rsquo;Alg\u00e9rie \u00ab\u00a0en faveur du renforcement de la coh\u00e9sion nationale au sein de la R\u00e9publique du Mali, pays fr\u00e8re\u00a0\u00bb, M. Attaf a pr\u00e9cis\u00e9 que \u00ab\u00a0cette coh\u00e9sion nationale constitue le meilleur rempart contre le terrorisme et un bouclier solide pour faire face \u00e0 ce fl\u00e9au avec l&rsquo;efficacit\u00e9 requise\u00a0\u00bb. APS<\/p>\n","protected":false},"excerpt":{"rendered":"<p>Le ministre d&rsquo;Etat, ministre des Affaires \u00e9trang\u00e8res, de la Communaut\u00e9 nationale \u00e0 l&rsquo;\u00e9tranger et des Affaires africaines, M. Ahmed Attaf, a r\u00e9affirm\u00e9, lundi, la position <a href=\"https:\/\/capalgerie.dz\/index.php\/2026\/04\/27\/m-attaf-reaffirme-la-position-de-lalgerie-en-soutien-a-lunite-du-mali-et-son-rejet-de-toutes-les-formes-de-terrorisme\/\" class=\"read-more-link\">Lire&#8230;<\/a><\/p>\n","protected":false},"author":4,"featured_media":7252,"comment_status":"open","ping_status":"open","sticky":false,"template":"","format":"standard","meta":{"_crdt_document":"","om_disable_all_campaigns":false,"_monsterinsights_skip_tracking":false,"_monsterinsights_sitenote_active":false,"_monsterinsights_sitenote_note":"","_monsterinsights_sitenote_category":0,"_uf_show_specific_survey":0,"_uf_disable_surveys":false,"episode_type":"","audio_file":"","podmotor_file_id":"","podmotor_episode_id":"","cover_image":"","cover_image_id":"","duration":"","filesize":"","filesize_raw":"","date_recorded":"","explicit":"","block":"","itunes_episode_number":"","itunes_title":"","itunes_season_number":"","itunes_episode_type":"","footnotes":""},"categories":[258,198],"tags":[],"class_list":["post-7251","post","type-post","status-publish","format-standard","has-post-thumbnail","hentry","category-alaune","category-actualite"],"aioseo_notices":[],"_links":{"self":[{"href":"https:\/\/capalgerie.dz\/index.php\/wp-json\/wp\/v2\/posts\/7251","targetHints":{"allow":["GET"]}}],"collection":[{"href":"https:\/\/capalgerie.dz\/index.php\/wp-json\/wp\/v2\/posts"}],"about":[{"href":"https:\/\/capalgerie.dz\/index.php\/wp-json\/wp\/v2\/types\/post"}],"author":[{"embeddable":true,"href":"https:\/\/capalgerie.dz\/index.php\/wp-json\/wp\/v2\/users\/4"}],"replies":[{"embeddable":true,"href":"https:\/\/capalgerie.dz\/index.php\/wp-json\/wp\/v2\/comments?post=7251"}],"version-history":[{"count":1,"href":"https:\/\/capalgerie.dz\/index.php\/wp-json\/wp\/v2\/posts\/7251\/revisions"}],"predecessor-version":[{"id":7253,"href":"https:\/\/capalgerie.dz\/index.php\/wp-json\/wp\/v2\/posts\/7251\/revisions\/7253"}],"wp:featuredmedia":[{"embeddable":true,"href":"https:\/\/capalgerie.dz\/index.php\/wp-json\/wp\/v2\/media\/7252"}],"wp:attachment":[{"href":"https:\/\/capalgerie.dz\/index.php\/wp-json\/wp\/v2\/media?parent=7251"}],"wp:term":[{"taxonomy":"category","embeddable":true,"href":"https:\/\/capalgerie.dz\/index.php\/wp-json\/wp\/v2\/categories?post=7251"},{"taxonomy":"post_tag","embeddable":true,"href":"https:\/\/capalgerie.dz\/index.php\/wp-json\/wp\/v2\/tags?post=7251"}],"curies":[{"name":"wp","href":"https:\/\/api.w.org\/{rel}","templated":true}]}}