{"id":7298,"date":"2026-04-30T20:14:27","date_gmt":"2026-04-30T19:14:27","guid":{"rendered":"https:\/\/capalgerie.dz\/?p=7298"},"modified":"2026-04-30T20:14:27","modified_gmt":"2026-04-30T19:14:27","slug":"message-du-president-de-la-republique-a-loccasion-de-la-journee-internationale-des-travailleurs-texte-integral","status":"publish","type":"post","link":"https:\/\/capalgerie.dz\/index.php\/2026\/04\/30\/message-du-president-de-la-republique-a-loccasion-de-la-journee-internationale-des-travailleurs-texte-integral\/","title":{"rendered":"Message du pr\u00e9sident de la R\u00e9publique \u00e0 l&rsquo;occasion de la Journ\u00e9e internationale des travailleurs (Texte int\u00e9gral)"},"content":{"rendered":"<p>Le pr\u00e9sident de la R\u00e9publique, M. Abdelmadjid Tebboune, a adress\u00e9, jeudi, un message aux travailleurs alg\u00e9riens, \u00e0 l&rsquo;occasion de la Journ\u00e9e internationale des travailleurs, c\u00e9l\u00e9br\u00e9e le 1er mai, dont voici la traduction APS :<\/p>\n<p>\u00ab\u00a0Au nom d&rsquo;Allah, Cl\u00e9ment et Mis\u00e9ricordieux,<\/p>\n<p>Pri\u00e8re et paix sur Son Messager,<\/p>\n<p>Travailleuses, travailleurs, <\/p>\n<p>Les travailleuses et les travailleurs en Alg\u00e9rie c\u00e9l\u00e8brent leur f\u00eate internationale (1er mai), alors que notre pays a franchi, gr\u00e2ce \u00e0 leur engagement et \u00e0 leurs efforts, des avanc\u00e9es majeures sur la voie d&rsquo;une \u00e9conomie \u00e9mergente. Le cadre institutionnel que nous avons \u00e9tabli fait des travailleuses et des travailleurs le principal levier de l&rsquo;activit\u00e9 \u00e9conomique, \u00e0 travers l&rsquo;investissement dans le capital humain et dans les comp\u00e9tences nationales, qui tracent cette nouvelle voie, supervisant avec engagement et d\u00e9termination et r\u00e9alisant avec professionnalisme de grands projets structurants dans plusieurs secteurs vitaux comme l&rsquo;\u00e9nergie, les mines, l&rsquo;eau, l&rsquo;agriculture, les start-ups et l&rsquo;entrepreneuriat.<\/p>\n<p>La voie de la fid\u00e9lit\u00e9 \u00e0 l&rsquo;Alg\u00e9rie, aux sacrifices et aux aspirations de son peuple a impos\u00e9, au d\u00e9part, des priorit\u00e9s dict\u00e9es par la responsabilit\u00e9 qui nous incombait de redresser la situation g\u00e9n\u00e9rale pr\u00e9caire et difficile qui pr\u00e9valait (une \u00e9conomie au bord de l&rsquo;effondrement, un climat social tendu et incertain, une rupture de confiance et un affaiblissement de l&rsquo;autorit\u00e9 de l&rsquo;Etat \u00e0 tous les niveaux).<\/p>\n<p>Aujourd&rsquo;hui, gr\u00e2ce \u00e0 un capital d&rsquo;investissements strat\u00e9giques en expansion, cette voie a d\u00e9pass\u00e9 les contraintes des d\u00e9buts. Les r\u00e9alisations accomplies par nos travailleuses et travailleurs, \u00e0 l&rsquo;instar de la ligne ferroviaire mini\u00e8re Ouest, et celles en cours, \u00e0 l&rsquo;image du projet de phosphate int\u00e9gr\u00e9 et du projet de zinc-plomb d&rsquo;Oued Amizour, de m\u00eame que le r\u00e9seau ferroviaire et les stations de dessalement de l&rsquo;eau de mer r\u00e9alis\u00e9es et programm\u00e9es, constituent le point de d\u00e9part d&rsquo;une Alg\u00e9rie forte d\u00e9termin\u00e9e \u00e0 relever le d\u00e9fi gr\u00e2ce \u00e0 ses cadres et ses travailleurs, qui d\u00e9montrent \u00e0 chaque \u00e9tape leur capacit\u00e9 \u00e0 relever le niveau des ambitions.<\/p>\n<p>Je tiens \u00e0 rappeler, \u00e0 cette occasion, les d\u00e9cisions importantes \u00e0 caract\u00e8re social prises depuis 2022 (date de l&rsquo;annonce de la premi\u00e8re revalorisation salariale), dans le cadre d&rsquo;une s\u00e9rie d&rsquo;augmentations et de mesures visant \u00e0 am\u00e9liorer la situation de larges franges de la soci\u00e9t\u00e9 (allocation ch\u00f4mage, allocation de la femme au foyer, allocation des personnes aux besoins sp\u00e9cifiques, bourse universitaire, prolongation du cong\u00e9 de maternit\u00e9, augmentation du Salaire national minimum garanti (SNMG) et, de mani\u00e8re automatique, du seuil minimum des pensions de retraite, et exon\u00e9ration fiscale pour les bas revenus).<\/p>\n<p>En rappelant ces d\u00e9cisions et les autres mesures dont le monde du travail per\u00e7oit les effets positifs sur le niveau de vie et qui placent l&rsquo;Alg\u00e9rie parmi les Etats assurant la meilleure couverture et protection sociale, je tiens \u00e0 assurer que l&rsquo;Etat continue d&rsquo;assumer la charge des transferts sociaux et de soutenir les produits de large consommation.<\/p>\n<p>Ce faisant, le Gouvernement est appel\u00e9 \u00e0 la vigilance, \u00e0 la fermet\u00e9 et \u00e0 la mobilisation des m\u00e9canismes juridiques et r\u00e9glementaires de lutte contre la sp\u00e9culation, les fluctuations injustifi\u00e9es des prix et la raret\u00e9 provoqu\u00e9e, qui p\u00e8sent sur les familles, et ce, afin de pr\u00e9server le caract\u00e8re social de l&rsquo;Etat.<\/p>\n<p>En cette Journ\u00e9e internationale des travailleurs, je renouvelle mes salutations et l&rsquo;expression de ma consid\u00e9ration aux travailleuses et aux travailleurs, avec lesquels j&rsquo;\u00e9voque, avec fiert\u00e9, les luttes et les sacrifices des travailleurs et des syndicalistes, dont les pionniers, \u00e0 l&rsquo;image du chahid A\u00efssat Idir, et ceux qui ont port\u00e9 l&rsquo;Alg\u00e9rie \u00e0 bras le corps et affront\u00e9, lors d&rsquo;une p\u00e9riode sanglante, la machine du terrorisme barbare, \u00e0 l&rsquo;instar du chahid du devoir national Abdelhak Benhamouda.<\/p>\n<p>J&rsquo;adresse \u00e0 chaque travailleuse et \u00e0 chaque travailleur mes v\u0153ux les plus sinc\u00e8res, tout en saluant l&rsquo;esprit profond\u00e9ment ancr\u00e9 dans notre soci\u00e9t\u00e9 visant \u00e0 consacrer la culture de la reconnaissance, en rendant un hommage symbolique \u00e0 nos s\u0153urs et fr\u00e8res retrait\u00e9s \u00e0 cette occasion.<\/p>\n<p>Je tiens, par l\u00e0 m\u00eame, \u00e0 r\u00e9affirmer l&rsquo;engagement de l&rsquo;Etat \u00e0 prot\u00e9ger rigoureusement les droits des travailleuses, des travailleurs et des retrait\u00e9s, et \u00e0 pr\u00e9server leur dignit\u00e9, tout en rappelant l&rsquo;obligation faite aux responsables, \u00e0 tous les niveaux, de veiller \u00e0 la qui\u00e9tude de la famille alg\u00e9rienne, \u00e0 m\u00eame d&rsquo;assurer \u00e0 ses filles et \u00e0 ses fils un environnement propice au d\u00e9veloppement durable, dans un pays ouvert et productif, qui valorise l&rsquo;effort et consid\u00e8re le travail comme l&rsquo;essence m\u00eame de la citoyennet\u00e9.<\/p>\n<p>Vive l&rsquo;Alg\u00e9rie<\/p>\n<p>Gloire \u00e9ternelle \u00e0 nos valeureux martyrs\u00a0\u00bb.<\/p>\n","protected":false},"excerpt":{"rendered":"<p>Le pr\u00e9sident de la R\u00e9publique, M. Abdelmadjid Tebboune, a adress\u00e9, jeudi, un message aux travailleurs alg\u00e9riens, \u00e0 l&rsquo;occasion de la Journ\u00e9e internationale des travailleurs, c\u00e9l\u00e9br\u00e9e <a href=\"https:\/\/capalgerie.dz\/index.php\/2026\/04\/30\/message-du-president-de-la-republique-a-loccasion-de-la-journee-internationale-des-travailleurs-texte-integral\/\" class=\"read-more-link\">Lire&#8230;<\/a><\/p>\n","protected":false},"author":4,"featured_media":7299,"comment_status":"open","ping_status":"open","sticky":false,"template":"","format":"standard","meta":{"_crdt_document":"","om_disable_all_campaigns":false,"_monsterinsights_skip_tracking":false,"_monsterinsights_sitenote_active":false,"_monsterinsights_sitenote_note":"","_monsterinsights_sitenote_category":0,"_uf_show_specific_survey":0,"_uf_disable_surveys":false,"episode_type":"","audio_file":"","podmotor_file_id":"","podmotor_episode_id":"","cover_image":"","cover_image_id":"","duration":"","filesize":"","filesize_raw":"","date_recorded":"","explicit":"","block":"","itunes_episode_number":"","itunes_title":"","itunes_season_number":"","itunes_episode_type":"","footnotes":""},"categories":[258,198],"tags":[],"class_list":["post-7298","post","type-post","status-publish","format-standard","has-post-thumbnail","hentry","category-alaune","category-actualite"],"aioseo_notices":[],"_links":{"self":[{"href":"https:\/\/capalgerie.dz\/index.php\/wp-json\/wp\/v2\/posts\/7298","targetHints":{"allow":["GET"]}}],"collection":[{"href":"https:\/\/capalgerie.dz\/index.php\/wp-json\/wp\/v2\/posts"}],"about":[{"href":"https:\/\/capalgerie.dz\/index.php\/wp-json\/wp\/v2\/types\/post"}],"author":[{"embeddable":true,"href":"https:\/\/capalgerie.dz\/index.php\/wp-json\/wp\/v2\/users\/4"}],"replies":[{"embeddable":true,"href":"https:\/\/capalgerie.dz\/index.php\/wp-json\/wp\/v2\/comments?post=7298"}],"version-history":[{"count":2,"href":"https:\/\/capalgerie.dz\/index.php\/wp-json\/wp\/v2\/posts\/7298\/revisions"}],"predecessor-version":[{"id":7301,"href":"https:\/\/capalgerie.dz\/index.php\/wp-json\/wp\/v2\/posts\/7298\/revisions\/7301"}],"wp:featuredmedia":[{"embeddable":true,"href":"https:\/\/capalgerie.dz\/index.php\/wp-json\/wp\/v2\/media\/7299"}],"wp:attachment":[{"href":"https:\/\/capalgerie.dz\/index.php\/wp-json\/wp\/v2\/media?parent=7298"}],"wp:term":[{"taxonomy":"category","embeddable":true,"href":"https:\/\/capalgerie.dz\/index.php\/wp-json\/wp\/v2\/categories?post=7298"},{"taxonomy":"post_tag","embeddable":true,"href":"https:\/\/capalgerie.dz\/index.php\/wp-json\/wp\/v2\/tags?post=7298"}],"curies":[{"name":"wp","href":"https:\/\/api.w.org\/{rel}","templated":true}]}}