{"id":7302,"date":"2026-04-30T20:20:14","date_gmt":"2026-04-30T19:20:14","guid":{"rendered":"https:\/\/capalgerie.dz\/?p=7302"},"modified":"2026-04-30T20:20:14","modified_gmt":"2026-04-30T19:20:14","slug":"cloture-a-alger-de-la-1ere-edition-des-rencontres-africaines-mediterraneennes-de-la-pensee-dediee-a-saint-augustin","status":"publish","type":"post","link":"https:\/\/capalgerie.dz\/index.php\/2026\/04\/30\/cloture-a-alger-de-la-1ere-edition-des-rencontres-africaines-mediterraneennes-de-la-pensee-dediee-a-saint-augustin\/","title":{"rendered":"Cl\u00f4ture \u00e0 Alger de la 1\u00e8re \u00e9dition des \u00ab\u00a0Rencontres africaines-m\u00e9diterran\u00e9ennes de la pens\u00e9e\u00a0\u00bb d\u00e9di\u00e9e \u00e0 Saint Augustin"},"content":{"rendered":"<p>Les travaux de la 1\u00e8re \u00e9dition des \u00ab\u00a0Rencontres africaines- m\u00e9diterran\u00e9ennes de la pens\u00e9e\u00a0\u00bb ont pris fin jeudi au Centre international des conf\u00e9rences Abdelatif-Rahal (CIC, Alger), avec comme recommandations principales la cr\u00e9ation d&rsquo;un Centre et l&rsquo;ouverture d&rsquo;unit\u00e9s de recherche d\u00e9di\u00e9s \u00e0 la pens\u00e9e augustinienne.<\/p>\n<p>En pr\u00e9sence de la ministre de la Culture et des Arts, Malika Bendouda, la pr\u00e9sidente des Rencontres africaines-m\u00e9diterran\u00e9ennes de la pens\u00e9e sous le th\u00e8me de \u00ab\u00a0Augustin, \u00e9manation alg\u00e9rienne, africaine et m\u00e9diterran\u00e9enne\u00a0\u00bb, Naima Hadj Abderrahamne a fait lecture des recommandations sanctionnant les travaux de ces rencontres, consacr\u00e9es \u00e0 la pens\u00e9e du philosophe Saint Augustin.<\/p>\n<p>La commission scientifique de ce Colloque a recommand\u00e9 la cr\u00e9ation d&rsquo;un \u00ab\u00a0Centre Madaure pour la culture et la pens\u00e9e\u00a0\u00bb pour restituer la m\u00e9moire et la pens\u00e9e augustiniennes, l&rsquo;ouverture d&rsquo;unit\u00e9s de recherche sur Augustin, en plus d&rsquo;int\u00e9grer ses textes dans le corpus scolaire alg\u00e9rien.<\/p>\n<p>Encourager l&rsquo;enseignement des langues latine et grecque sont \u00e9galement parmi les recommandations de cette manifestation intellectuelle et culturelle.<\/p>\n<p>La commission a \u00e9galement sugg\u00e9r\u00e9 la production de films documentaires sur ce philosophe, en mettant en lumi\u00e8re son parcours et sa pens\u00e9e universelle.<\/p>\n<p>Dans son allocution, Mme Bendouda a salu\u00e9 la r\u00e9ussite de la premi\u00e8re \u00e9dition de ces rencontres, organis\u00e9es par le minist\u00e8re de la Culture et des Arts, sous le haut patronage du pr\u00e9sident de la R\u00e9publique, M. Abdelmadjid Tebboune, dans l&rsquo;objectif de favoriser le dialogue intellectuel et culturel.<\/p>\n<p>Elle a soulign\u00e9 \u00e9galement que ces rencontres ont c\u00e9l\u00e9br\u00e9, durant deux jours, la richesse de l&rsquo;histoire et de la g\u00e9ographie partag\u00e9es \u00e0 travers des communications d&rsquo;\u00e9minents universitaires et chercheurs du continent africain et de l&rsquo;espace m\u00e9diterran\u00e9en, exprimant ses remerciements \u00e0 tous les participants et les autorit\u00e9s pour avoir fait de l&rsquo;Alg\u00e9rie un \u00ab\u00a0carrefour de dialogue et de valeurs humaines\u00a0\u00bb.<\/p>\n<p>En cl\u00f4ture de ces rencontres qui s&rsquo;inscrivent dans un contexte mondial marqu\u00e9 par la complexit\u00e9 des d\u00e9fis civilisationnels et l&rsquo;acc\u00e9l\u00e9ration des mutations intellectuelles et technologiques, les participants ont \u00e9t\u00e9 honor\u00e9s pour leur contribution \u00e0 \u00e9clairer des facettes importantes de la pens\u00e9e et de l&rsquo;histoire communes. APS<\/p>\n","protected":false},"excerpt":{"rendered":"<p>Les travaux de la 1\u00e8re \u00e9dition des \u00ab\u00a0Rencontres africaines- m\u00e9diterran\u00e9ennes de la pens\u00e9e\u00a0\u00bb ont pris fin jeudi au Centre international des conf\u00e9rences Abdelatif-Rahal (CIC, Alger), <a href=\"https:\/\/capalgerie.dz\/index.php\/2026\/04\/30\/cloture-a-alger-de-la-1ere-edition-des-rencontres-africaines-mediterraneennes-de-la-pensee-dediee-a-saint-augustin\/\" class=\"read-more-link\">Lire&#8230;<\/a><\/p>\n","protected":false},"author":4,"featured_media":7303,"comment_status":"open","ping_status":"open","sticky":false,"template":"","format":"standard","meta":{"_crdt_document":"","om_disable_all_campaigns":false,"_monsterinsights_skip_tracking":false,"_monsterinsights_sitenote_active":false,"_monsterinsights_sitenote_note":"","_monsterinsights_sitenote_category":0,"_uf_show_specific_survey":0,"_uf_disable_surveys":false,"episode_type":"","audio_file":"","podmotor_file_id":"","podmotor_episode_id":"","cover_image":"","cover_image_id":"","duration":"","filesize":"","filesize_raw":"","date_recorded":"","explicit":"","block":"","itunes_episode_number":"","itunes_title":"","itunes_season_number":"","itunes_episode_type":"","footnotes":""},"categories":[207],"tags":[],"class_list":["post-7302","post","type-post","status-publish","format-standard","has-post-thumbnail","hentry","category-culture"],"aioseo_notices":[],"_links":{"self":[{"href":"https:\/\/capalgerie.dz\/index.php\/wp-json\/wp\/v2\/posts\/7302","targetHints":{"allow":["GET"]}}],"collection":[{"href":"https:\/\/capalgerie.dz\/index.php\/wp-json\/wp\/v2\/posts"}],"about":[{"href":"https:\/\/capalgerie.dz\/index.php\/wp-json\/wp\/v2\/types\/post"}],"author":[{"embeddable":true,"href":"https:\/\/capalgerie.dz\/index.php\/wp-json\/wp\/v2\/users\/4"}],"replies":[{"embeddable":true,"href":"https:\/\/capalgerie.dz\/index.php\/wp-json\/wp\/v2\/comments?post=7302"}],"version-history":[{"count":1,"href":"https:\/\/capalgerie.dz\/index.php\/wp-json\/wp\/v2\/posts\/7302\/revisions"}],"predecessor-version":[{"id":7304,"href":"https:\/\/capalgerie.dz\/index.php\/wp-json\/wp\/v2\/posts\/7302\/revisions\/7304"}],"wp:featuredmedia":[{"embeddable":true,"href":"https:\/\/capalgerie.dz\/index.php\/wp-json\/wp\/v2\/media\/7303"}],"wp:attachment":[{"href":"https:\/\/capalgerie.dz\/index.php\/wp-json\/wp\/v2\/media?parent=7302"}],"wp:term":[{"taxonomy":"category","embeddable":true,"href":"https:\/\/capalgerie.dz\/index.php\/wp-json\/wp\/v2\/categories?post=7302"},{"taxonomy":"post_tag","embeddable":true,"href":"https:\/\/capalgerie.dz\/index.php\/wp-json\/wp\/v2\/tags?post=7302"}],"curies":[{"name":"wp","href":"https:\/\/api.w.org\/{rel}","templated":true}]}}