{"id":7318,"date":"2026-04-30T21:00:11","date_gmt":"2026-04-30T20:00:11","guid":{"rendered":"https:\/\/capalgerie.dz\/?p=7318"},"modified":"2026-04-30T21:00:11","modified_gmt":"2026-04-30T20:00:11","slug":"lalgerie-et-louganda-examinent-les-opportunites-de-cooperation-dans-le-secteur-agricole","status":"publish","type":"post","link":"https:\/\/capalgerie.dz\/index.php\/2026\/04\/30\/lalgerie-et-louganda-examinent-les-opportunites-de-cooperation-dans-le-secteur-agricole\/","title":{"rendered":"L&rsquo;Alg\u00e9rie et l&rsquo;Ouganda examinent les opportunit\u00e9s de coop\u00e9ration dans le secteur agricole"},"content":{"rendered":"<p>Le ministre de l&rsquo;Agriculture, du D\u00e9veloppement rural et de la P\u00eache, Yacine El-Mahdi Oualid, a re\u00e7u le vice-ministre ougandais du Commerce et des Coop\u00e9ratives, Fredererick Ngobi Gume, avec lequel il a examin\u00e9 les opportunit\u00e9s et perspectives de coop\u00e9ration entre  les deux pays, indique un communiqu\u00e9 du minist\u00e8re.<\/p>\n<p>La rencontre qui s&rsquo;est d\u00e9roul\u00e9e, mercredi au si\u00e8ge du minist\u00e8re en pr\u00e9sence de l&rsquo;ambassadeur ougandais, a permis d&rsquo;\u00e9voquer \u00ab\u00a0les moyens de renforcer le commerce et de promouvoir les relations de coop\u00e9ration au niveau des relations exceptionnelles unissant les deux pays\u00a0\u00bb.<\/p>\n<p>Dans ce contexte, les deux parties ont \u00e9voqu\u00e9 \u00ab\u00a0les potentialit\u00e9s de l&rsquo;Alg\u00e9rie et de l&rsquo;Ouganda, \u00e0 m\u00eame d&rsquo;insuffler une forte dynamique au partenariat \u00e9conomique et \u00e0 l&rsquo;\u00e9change commercial, \u00e0 travers l&rsquo;exportation et l&rsquo;importation des produits agricoles d&rsquo;origine animale ou v\u00e9g\u00e9tale, comme le caf\u00e9, le cacao, la poudre de lait, les dates, les fruits et l\u00e9gumes, ainsi que les produits frais et industrialis\u00e9s pouvant renforcer la balance commerciale\u00a0\u00bb, ajoute le communiqu\u00e9.<\/p>\n<p>Les deux parties ont convenu d&rsquo;inviter les op\u00e9rateurs \u00e9conomiques dans les deux pays \u00e0 participer aux manifestations \u00e9conomiques et commerciales organis\u00e9es en Alg\u00e9rie et en Ouganda et \u00e0 organiser le forum des hommes d&rsquo;affaires dans le but de prospecter les opportunit\u00e9s d&rsquo;investissement et d&rsquo;\u00e9tablir des partenariats rentables pour les deux parties, ajoute le communiqu\u00e9. APS<\/p>\n","protected":false},"excerpt":{"rendered":"<p>Le ministre de l&rsquo;Agriculture, du D\u00e9veloppement rural et de la P\u00eache, Yacine El-Mahdi Oualid, a re\u00e7u le vice-ministre ougandais du Commerce et des Coop\u00e9ratives, Fredererick <a href=\"https:\/\/capalgerie.dz\/index.php\/2026\/04\/30\/lalgerie-et-louganda-examinent-les-opportunites-de-cooperation-dans-le-secteur-agricole\/\" class=\"read-more-link\">Lire&#8230;<\/a><\/p>\n","protected":false},"author":4,"featured_media":7319,"comment_status":"open","ping_status":"open","sticky":false,"template":"","format":"standard","meta":{"_crdt_document":"","om_disable_all_campaigns":false,"_monsterinsights_skip_tracking":false,"_monsterinsights_sitenote_active":false,"_monsterinsights_sitenote_note":"","_monsterinsights_sitenote_category":0,"_uf_show_specific_survey":0,"_uf_disable_surveys":false,"episode_type":"","audio_file":"","podmotor_file_id":"","podmotor_episode_id":"","cover_image":"","cover_image_id":"","duration":"","filesize":"","filesize_raw":"","date_recorded":"","explicit":"","block":"","itunes_episode_number":"","itunes_title":"","itunes_season_number":"","itunes_episode_type":"","footnotes":""},"categories":[258,257,256],"tags":[],"class_list":["post-7318","post","type-post","status-publish","format-standard","has-post-thumbnail","hentry","category-alaune","category-afrique","category-agriculture"],"aioseo_notices":[],"_links":{"self":[{"href":"https:\/\/capalgerie.dz\/index.php\/wp-json\/wp\/v2\/posts\/7318","targetHints":{"allow":["GET"]}}],"collection":[{"href":"https:\/\/capalgerie.dz\/index.php\/wp-json\/wp\/v2\/posts"}],"about":[{"href":"https:\/\/capalgerie.dz\/index.php\/wp-json\/wp\/v2\/types\/post"}],"author":[{"embeddable":true,"href":"https:\/\/capalgerie.dz\/index.php\/wp-json\/wp\/v2\/users\/4"}],"replies":[{"embeddable":true,"href":"https:\/\/capalgerie.dz\/index.php\/wp-json\/wp\/v2\/comments?post=7318"}],"version-history":[{"count":1,"href":"https:\/\/capalgerie.dz\/index.php\/wp-json\/wp\/v2\/posts\/7318\/revisions"}],"predecessor-version":[{"id":7320,"href":"https:\/\/capalgerie.dz\/index.php\/wp-json\/wp\/v2\/posts\/7318\/revisions\/7320"}],"wp:featuredmedia":[{"embeddable":true,"href":"https:\/\/capalgerie.dz\/index.php\/wp-json\/wp\/v2\/media\/7319"}],"wp:attachment":[{"href":"https:\/\/capalgerie.dz\/index.php\/wp-json\/wp\/v2\/media?parent=7318"}],"wp:term":[{"taxonomy":"category","embeddable":true,"href":"https:\/\/capalgerie.dz\/index.php\/wp-json\/wp\/v2\/categories?post=7318"},{"taxonomy":"post_tag","embeddable":true,"href":"https:\/\/capalgerie.dz\/index.php\/wp-json\/wp\/v2\/tags?post=7318"}],"curies":[{"name":"wp","href":"https:\/\/api.w.org\/{rel}","templated":true}]}}