{"id":7342,"date":"2026-05-03T14:22:51","date_gmt":"2026-05-03T13:22:51","guid":{"rendered":"https:\/\/capalgerie.dz\/?p=7342"},"modified":"2026-05-03T14:22:51","modified_gmt":"2026-05-03T13:22:51","slug":"tebboune-affiche-les-ambitions-industrielles-de-lalgerie-lessor-des-exportations-hors-hydrocarbures-au-coeur-de-la-strategie-economique","status":"publish","type":"post","link":"https:\/\/capalgerie.dz\/index.php\/2026\/05\/03\/tebboune-affiche-les-ambitions-industrielles-de-lalgerie-lessor-des-exportations-hors-hydrocarbures-au-coeur-de-la-strategie-economique\/","title":{"rendered":"Tebboune affiche les ambitions industrielles de l&rsquo;Alg\u00e9rie :  L&rsquo;essor des exportations hors hydrocarbures au c\u0153ur de la strat\u00e9gie \u00e9conomique"},"content":{"rendered":"<p>Dans une longue entrevue accord\u00e9e aux m\u00e9dias nationaux et diffus\u00e9e samedi soir, le pr\u00e9sident de la R\u00e9publique, Abdelmadjid Tebboune, a dress\u00e9 un tableau ambitieux de la transformation \u00e9conomique du pays, pla\u00e7ant la diversification industrielle et l&rsquo;ind\u00e9pendance nationale au centre de sa vision politique.<\/p>\n<p>Le chef de l&rsquo;\u00c9tat a soulign\u00e9 que \u00ab\u00a0la comp\u00e9titivit\u00e9 d\u00e9montr\u00e9e par plusieurs secteurs industriels nationaux ces derni\u00e8res ann\u00e9es a contribu\u00e9 \u00e0 donner une forte impulsion aux exportations alg\u00e9riennes hors hydrocarbures\u00a0\u00bb. Cette progression, selon lui, refl\u00e8te un renversement spectaculaire de la situation \u00e9conomique du pays. \u00ab\u00a0Alors que l&rsquo;Alg\u00e9rie importait du rond \u00e0 b\u00e9ton il y a quelques ann\u00e9es, elle en est aujourd&rsquo;hui exportatrice\u00a0\u00bb, a-t-il rappel\u00e9, illustrant la mutation en cours.<\/p>\n<p>L&rsquo;Alg\u00e9rie serait d\u00e9sormais \u00ab\u00a0plus concurrentielle que certains pays europ\u00e9ens dans des domaines comme l&rsquo;\u00e9lectrom\u00e9nager\u00a0\u00bb, a affirm\u00e9 le pr\u00e9sident Tebboune. Une assertion qui t\u00e9moigne de l&rsquo;ambition affich\u00e9e de repositionner le pays sur l&rsquo;\u00e9chiquier industriel r\u00e9gional et international.<\/p>\n<p><strong> L&rsquo;automobile et l&rsquo;agroalimentaire en t\u00eate de la diversification<\/strong><\/p>\n<p>Le secteur automobile cristallise particuli\u00e8rement les espoirs du gouvernement. L&rsquo;usine Fiat Alg\u00e9rie \u00ab\u00a0atteindra un taux d&rsquo;int\u00e9gration de 40% avec une orientation vers l&rsquo;exportation\u00a0\u00bb, a annonc\u00e9 le pr\u00e9sident. L&rsquo;inauguration r\u00e9cente d&rsquo;une usine d&#8217;emboutissage dans la wilaya de Batna, qui permettra de fabriquer les coques des voitures et des cabines de camions, marque une \u00e9tape suppl\u00e9mentaire dans la mont\u00e9e en gamme de la production nationale.<\/p>\n<p>\u00ab\u00a0Le secteur priv\u00e9 honn\u00eate est en train de faire des pas de g\u00e9ants\u00a0\u00bb, s&rsquo;est f\u00e9licit\u00e9 Abdelmadjid Tebboune, une reconnaissance inhabituelle du r\u00f4le des entrepreneurs priv\u00e9s dans le d\u00e9veloppement \u00e9conomique. L&rsquo;agroalimentaire n&rsquo;est pas en reste : \u00ab\u00a0L&rsquo;agroalimentaire alg\u00e9rien est aujourd&rsquo;hui tr\u00e8s demand\u00e9 partout alors que beaucoup de produits \u00e9taient import\u00e9s par le pass\u00e9\u00a0\u00bb, a-t-il soulign\u00e9, pr\u00e9cisant qu&rsquo;une partie de la production nationale sera destin\u00e9e \u00e0 l&rsquo;exportation.<\/p>\n<p><strong>Le phosphate, projet structurant pour l&rsquo;avenir<\/strong><\/p>\n<p>Le pr\u00e9sident a \u00e9galement mis en avant l&rsquo;avancement du projet de phosphate int\u00e9gr\u00e9 dans l&rsquo;est du pays, un investissement strat\u00e9gique majeur. \u00ab\u00a0Les travaux sont en cours au niveau du projet de phosphate int\u00e9gr\u00e9 de Bled El Hadba, o\u00f9 sera mise en service l&rsquo;usine d&rsquo;acide phosphorique fin 2026 ou d\u00e9but 2027\u00a0\u00bb, a-t-il pr\u00e9cis\u00e9. Ce projet vise \u00ab\u00a0l&rsquo;exploitation du phosphate \u00e0 toutes ses \u00e9tapes\u00a0\u00bb et devrait g\u00e9n\u00e9rer la cr\u00e9ation de \u00ab\u00a0dizaines de milliers d&#8217;emplois\u00a0\u00bb.<\/p>\n<p>L&rsquo;Alg\u00e9rie regorge d&rsquo;autres mines \u00ab\u00a0innombrables\u00a0\u00bb qui seront exploit\u00e9es \u00e0 l&rsquo;avenir, a indiqu\u00e9 le chef de l&rsquo;\u00c9tat, justifiant ainsi \u00ab\u00a0la cr\u00e9ation d&rsquo;un minist\u00e8re sp\u00e9cialis\u00e9, regroupant des comp\u00e9tences et des experts pour la gestion de ces ressources\u00a0\u00bb. Les projets miniers ainsi que les lignes ferroviaires vers le Sud s&rsquo;inscrivent dans une \u00ab\u00a0vision nationale\u00a0\u00bb et \u00ab\u00a0ne sont pas le fruit du hasard\u00a0\u00bb, a-t-il insist\u00e9, rappelant qu&rsquo;ils figuraient parmi ses engagements de campagne.<\/p>\n<p><strong>Une ind\u00e9pendance \u00e9conomique jalousement gard\u00e9e<\/strong><\/p>\n<p>Au-del\u00e0 des succ\u00e8s affich\u00e9s, le pr\u00e9sident Tebboune a r\u00e9affirm\u00e9 les principes cardinaux de sa politique. \u00ab\u00a0Nous nous employons \u00e0 r\u00e9gler nos probl\u00e8mes par nous-m\u00eames car, par le pass\u00e9, personne n&rsquo;a \u00e9t\u00e9 \u00e0 nos c\u00f4t\u00e9s lorsque nous avons \u00e9t\u00e9 confront\u00e9s \u00e0 des \u00e9preuves\u00a0\u00bb, a-t-il d\u00e9clar\u00e9. \u00ab\u00a0Aujourd&rsquo;hui, nous pouvons r\u00e9gler les probl\u00e8mes des citoyens, nous le faisons sans hypoth\u00e9quer l&rsquo;ind\u00e9pendance de l&rsquo;Alg\u00e9rie ni ses richesses, qui appartiennent exclusivement aux Alg\u00e9riens\u00a0\u00bb.<\/p>\n<p>Cette doctrine de souverainet\u00e9 n&#8217;emp\u00eache pas une vigilance accrue face aux d\u00e9rives \u00e9conomiques. Le pr\u00e9sident a ainsi mis en garde contre certaines pratiques dans l&rsquo;activit\u00e9 d&rsquo;exportation, notamment la sous-facturation. Des cas de non-rapatriement de devises issues des exportations, d&rsquo;une valeur de 350 millions de dollars, ont r\u00e9cemment \u00e9t\u00e9 constat\u00e9s. \u00ab\u00a0Nous nous sommes d\u00e9barrass\u00e9s de la +issaba+ qui s&rsquo;adonnait \u00e0 la surfacturation pour nous retrouver face \u00e0 une autre +issaba+ qui se livre \u00e0 la sous-facturation\u00a0\u00bb, a-t-il d\u00e9plor\u00e9.<\/p>\n<p>Concernant les pratiques commerciales ill\u00e9gales, l&rsquo;\u00c9tat \u00ab\u00a0ne tol\u00e9rera aucune atteinte aux moyens de subsistance des Alg\u00e9riens\u00a0\u00bb, a averti le pr\u00e9sident, pr\u00e9venant que \u00ab\u00a0quiconque sp\u00e9culera sur les moutons de l&rsquo;A\u00efd en paiera le prix fort\u00a0\u00bb.<\/p>\n<p><strong>\u00c9lections et consolidation d\u00e9mocratique<\/strong><\/p>\n<p>\u00c0 l&rsquo;approche des l\u00e9gislatives du 2 juillet prochain, Abdelmadjid Tebboune a assur\u00e9 que \u00ab\u00a0toutes les conditions sont r\u00e9unies pour garantir l&rsquo;int\u00e9grit\u00e9 du processus \u00e9lectoral\u00a0\u00bb. \u00ab\u00a0Le terme de fraude \u00e9lectorale n&rsquo;a plus cours et ne figure plus dans le vocabulaire politique des Alg\u00e9riens\u00a0\u00bb, a-t-il affirm\u00e9, tout en avertissant : \u00ab\u00a0Toute tentative de porter atteinte \u00e0 l&rsquo;int\u00e9grit\u00e9 des \u00e9lections se heurtera \u00e0 la loi\u00a0\u00bb.<\/p>\n<p>Face aux informations circulant sur l&rsquo;achat de cartes d&rsquo;adh\u00e9rent et d&rsquo;investitures, le pr\u00e9sident a pr\u00e9venu que \u00ab\u00a0toute personne dont l&rsquo;implication est av\u00e9r\u00e9e fera face \u00e0 des poursuites p\u00e9nales pouvant entra\u00eener la suspension, la r\u00e9vocation, le retrait de confiance et la lev\u00e9e de l&rsquo;immunit\u00e9 par le biais de la Cour constitutionnelle\u00a0\u00bb. \u00ab\u00a0La loi est claire et sera appliqu\u00e9e \u00e0 tous. Nul n&rsquo;est au-dessus de la loi\u00a0\u00bb, a-t-il martel\u00e9.<\/p>\n<p>Sur la libert\u00e9 d&rsquo;expression, le pr\u00e9sident a r\u00e9affirm\u00e9 qu&rsquo;elle \u00e9tait garantie en Alg\u00e9rie \u00ab\u00a0\u00e0 condition de respecter les lois de la R\u00e9publique, les composantes de l&rsquo;identit\u00e9 nationale et les traditions de la soci\u00e9t\u00e9\u00a0\u00bb, et \u00ab\u00a0\u00e0 condition aussi que les id\u00e9es exprim\u00e9es soient celles de leurs auteurs et non pas des id\u00e9es dict\u00e9es par d&rsquo;autres parties\u00a0\u00bb. Il a fustig\u00e9 \u00ab\u00a0le double discours de certains pays qui se targuent d&rsquo;\u00eatre des mod\u00e8les de d\u00e9mocratie alors qu&rsquo;ils infligent des peines d&#8217;emprisonnement \u00e0 ceux qui affichent leur soutien \u00e0 la cause palestinienne sur les r\u00e9seaux sociaux\u00a0\u00bb.<\/p>\n<p><strong>La visite du Pape, un succ\u00e8s diplomatique<\/strong><\/p>\n<p>Le pr\u00e9sident a qualifi\u00e9 de \u00ab\u00a0succ\u00e8s\u00a0\u00bb la visite du Pape L\u00e9on XIV en Alg\u00e9rie, y voyant \u00ab\u00a0une \u00e9tape importante dans le renforcement des relations entre l&rsquo;Alg\u00e9rie et le Vatican\u00a0\u00bb. Il a propos\u00e9 au souverain pontife l&rsquo;ouverture d&rsquo;une ambassade du Vatican en Alg\u00e9rie, proposition \u00ab\u00a0accueillie favorablement\u00a0\u00bb.<\/p>\n<p>Cette visite a \u00ab\u00a0r\u00e9fut\u00e9 le mythe de l&rsquo;ancien colonisateur pr\u00e9tendant avoir \u00e9t\u00e9 \u00e0 l&rsquo;origine de la cr\u00e9ation de l&rsquo;Alg\u00e9rie\u00a0\u00bb, a-t-il estim\u00e9, soulignant que le Pape a mis en \u00e9vidence \u00ab\u00a0l&rsquo;enracinement historique de l&rsquo;Alg\u00e9rie, qui remonte \u00e0 saint Augustin et bien avant\u00a0\u00bb. Elle \u00ab\u00a0place l&rsquo;Alg\u00e9rie dans sa position naturelle\u00a0\u00bb, celle d'\u00a0\u00bbinterm\u00e9diaire fiable qu&rsquo;elle a toujours \u00e9t\u00e9\u00a0\u00bb, a soulign\u00e9 le pr\u00e9sident, \u00e9voquant son r\u00f4le dans le dialogue entre les religions.<\/p>\n<p><strong>Relations africaines et position sur le Mali<\/strong><\/p>\n<p>Concernant la situation au Mali, le pr\u00e9sident Tebboune a exprim\u00e9 sa d\u00e9solation : \u00ab\u00a0Nous sommes d\u00e9sol\u00e9s de ce qui se passe au Mali\u00a0\u00bb. \u00ab\u00a0La voie de la raison, c&rsquo;est de discuter avec son peuple\u00a0\u00bb, a-t-il conseill\u00e9, tout en rappelant que \u00ab\u00a0l&rsquo;Alg\u00e9rie ne s&rsquo;est jamais immisc\u00e9e et ne s&rsquo;immiscera jamais dans les affaires int\u00e9rieures du Mali ou d&rsquo;autres pays\u00a0\u00bb. \u00ab\u00a0L&rsquo;Alg\u00e9rie a toujours \u00e9t\u00e9 un pays fr\u00e8re pour le Mali\u00a0\u00bb, a-t-il martel\u00e9, pr\u00e9cisant que \u00ab\u00a0les accords d&rsquo;Alger sont un fait malien, pas un fait alg\u00e9rien\u00a0\u00bb.<\/p>\n<p>Sur les relations alg\u00e9ro-am\u00e9ricaines, le pr\u00e9sident a indiqu\u00e9 qu&rsquo;elles \u00ab\u00a0ont toujours \u00e9t\u00e9 bonnes\u00a0\u00bb et s&rsquo;am\u00e9lioraient constamment, tout en r\u00e9affirmant que l&rsquo;Alg\u00e9rie n&rsquo;abandonnera jamais ses amis comme la Russie et la Chine, et reste un pays non-align\u00e9 qui refuse toute base militaire \u00e9trang\u00e8re sur son territoire. Azzedine Belferag<\/p>\n","protected":false},"excerpt":{"rendered":"<p>Dans une longue entrevue accord\u00e9e aux m\u00e9dias nationaux et diffus\u00e9e samedi soir, le pr\u00e9sident de la R\u00e9publique, Abdelmadjid Tebboune, a dress\u00e9 un tableau ambitieux de <a href=\"https:\/\/capalgerie.dz\/index.php\/2026\/05\/03\/tebboune-affiche-les-ambitions-industrielles-de-lalgerie-lessor-des-exportations-hors-hydrocarbures-au-coeur-de-la-strategie-economique\/\" class=\"read-more-link\">Lire&#8230;<\/a><\/p>\n","protected":false},"author":2,"featured_media":7343,"comment_status":"open","ping_status":"open","sticky":false,"template":"","format":"standard","meta":{"_crdt_document":"","om_disable_all_campaigns":false,"_monsterinsights_skip_tracking":false,"_monsterinsights_sitenote_active":false,"_monsterinsights_sitenote_note":"","_monsterinsights_sitenote_category":0,"_uf_show_specific_survey":0,"_uf_disable_surveys":false,"episode_type":"","audio_file":"","podmotor_file_id":"","podmotor_episode_id":"","cover_image":"","cover_image_id":"","duration":"","filesize":"","filesize_raw":"","date_recorded":"","explicit":"","block":"","itunes_episode_number":"","itunes_title":"","itunes_season_number":"","itunes_episode_type":"","footnotes":""},"categories":[258,198],"tags":[],"class_list":["post-7342","post","type-post","status-publish","format-standard","has-post-thumbnail","hentry","category-alaune","category-actualite"],"aioseo_notices":[],"_links":{"self":[{"href":"https:\/\/capalgerie.dz\/index.php\/wp-json\/wp\/v2\/posts\/7342","targetHints":{"allow":["GET"]}}],"collection":[{"href":"https:\/\/capalgerie.dz\/index.php\/wp-json\/wp\/v2\/posts"}],"about":[{"href":"https:\/\/capalgerie.dz\/index.php\/wp-json\/wp\/v2\/types\/post"}],"author":[{"embeddable":true,"href":"https:\/\/capalgerie.dz\/index.php\/wp-json\/wp\/v2\/users\/2"}],"replies":[{"embeddable":true,"href":"https:\/\/capalgerie.dz\/index.php\/wp-json\/wp\/v2\/comments?post=7342"}],"version-history":[{"count":1,"href":"https:\/\/capalgerie.dz\/index.php\/wp-json\/wp\/v2\/posts\/7342\/revisions"}],"predecessor-version":[{"id":7344,"href":"https:\/\/capalgerie.dz\/index.php\/wp-json\/wp\/v2\/posts\/7342\/revisions\/7344"}],"wp:featuredmedia":[{"embeddable":true,"href":"https:\/\/capalgerie.dz\/index.php\/wp-json\/wp\/v2\/media\/7343"}],"wp:attachment":[{"href":"https:\/\/capalgerie.dz\/index.php\/wp-json\/wp\/v2\/media?parent=7342"}],"wp:term":[{"taxonomy":"category","embeddable":true,"href":"https:\/\/capalgerie.dz\/index.php\/wp-json\/wp\/v2\/categories?post=7342"},{"taxonomy":"post_tag","embeddable":true,"href":"https:\/\/capalgerie.dz\/index.php\/wp-json\/wp\/v2\/tags?post=7342"}],"curies":[{"name":"wp","href":"https:\/\/api.w.org\/{rel}","templated":true}]}}